{"id":3063,"date":"2022-09-04T17:18:59","date_gmt":"2022-09-04T15:18:59","guid":{"rendered":"https:\/\/mscv.cz\/ms-radost\/?p=3063"},"modified":"2022-09-04T17:18:59","modified_gmt":"2022-09-04T15:18:59","slug":"akce-v-zari-2022","status":"publish","type":"post","link":"https:\/\/mscv.cz\/ms-radost\/akce-skoly\/akce-v-zari-2022\/","title":{"rendered":"AKCE v z\u00e1\u0159\u00ed 2022"},"content":{"rendered":"<p><strong>Spole\u010dn\u00e9 pro celou M\u0160:<\/strong><\/p>\n<ul>\n<li><strong>1. 9. slavnostn\u00ed zah\u00e1jen\u00ed \u0161koln\u00edho roku<\/strong><\/li>\n<li><strong>Sch\u016fzky s\u00a0rodi\u010di<\/strong><\/li>\n<li><strong>V\u00fdstava ovoce a zeleniny \u201eZahrada \u010cech\u201c<\/strong><\/li>\n<li><strong>Cvi\u010dn\u00fd po\u017e\u00e1rn\u00ed poplach<\/strong><\/li>\n<li><strong>Sb\u011br pap\u00edru<\/strong><\/li>\n<\/ul>\n<p><strong>T\u0159\u00edda 1.:<\/strong><\/p>\n<ul>\n<li>6. 9. 15:00 Sch\u016fzka s rodi\u010di<\/li>\n<li>\u201e\u0160vestkobran\u00ed\u201c<\/li>\n<\/ul>\n<p><strong>T\u0159\u00edda 2.: <\/strong><\/p>\n<ul>\n<li>5. 9. 15:00 Sch\u016fzka s rodi\u010di<\/li>\n<li>\u201eHru\u0161kobran\u00ed\u201c<\/li>\n<\/ul>\n<p><strong>T\u0159\u00edda 3.: <\/strong><\/p>\n<ul>\n<li>Sch\u016fzka s\u00a0rodi\u010di 7. 9. od 15:30 hodin<\/li>\n<li>\u201e\u0160vestkobran\u00ed\u201c<\/li>\n<li>N\u00e1v\u0161t\u011bva SKKS<\/li>\n<\/ul>\n<p><strong>\u00a0<\/strong><\/p>\n<p><strong>T\u0159\u00edda 4.:<\/strong><\/p>\n<ul>\n<li>8. 9. 15:00 Sch\u016fzka s rodi\u010di<\/li>\n<li>\u201e\u0160vestkobran\u00ed\u201c<\/li>\n<\/ul>\n<p><strong>\u00a0<\/strong><\/p>\n<p><strong>T\u0159\u00edda 5.:<\/strong><\/p>\n<ul>\n<li>6. 9. Sch\u016fzka s rodi\u010di 15:30<\/li>\n<li>\u201eBramb\u016frkobran\u00ed\u201c<\/li>\n<\/ul>\n<p><strong>\u00a0<\/strong><\/p>\n<p><strong>T\u0159\u00edda 6:<\/strong><\/p>\n<ul>\n<li>7. 9. Sch\u016fzka s rodi\u010di 15:30<\/li>\n<li>\u201eJabl\u00ed\u010dkobran\u00ed\u201c<\/li>\n<\/ul>\n<p><strong>\u00a0<\/strong><\/p>\n<p><strong>T\u0159\u00edda 7.:<\/strong><\/p>\n<ul>\n<li>8. 9. T\u0159\u00eddn\u00ed sch\u016fzka 15:00<\/li>\n<li>\u201eOkurkobran\u00ed\u201c<\/li>\n<\/ul>\n<p>&nbsp;<\/p>\n<p><strong>\u00a0<\/strong><\/p>\n<p><strong>Z akc\u00ed budou po\u0159izov\u00e1ny fotografie a videoz\u00e1znamy report\u00e1\u017en\u00edho charakteru.<\/strong><\/p>\n<p><strong>\u00a0<\/strong><\/p>\n","protected":false},"excerpt":{"rendered":"<p>Spole\u010dn\u00e9 pro celou M\u0160: 1. 9. slavnostn\u00ed zah\u00e1jen\u00ed \u0161koln\u00edho roku Sch\u016fzky s\u00a0rodi\u010di V\u00fdstava ovoce a zeleniny \u201eZahrada \u010cech\u201c Cvi\u010dn\u00fd po\u017e\u00e1rn\u00ed poplach Sb\u011br pap\u00edru T\u0159\u00edda 1.: 6. 9. 15:00 Sch\u016fzka s rodi\u010di \u201e\u0160vestkobran\u00ed\u201c T\u0159\u00edda 2.: 5. 9. 15:00 Sch\u016fzka s rodi\u010di \u201eHru\u0161kobran\u00ed\u201c T\u0159\u00edda 3.: Sch\u016fzka s\u00a0rodi\u010di 7. 9. od 15:30 hodin \u201e\u0160vestkobran\u00ed\u201c N\u00e1v\u0161t\u011bva SKKS \u00a0 T\u0159\u00edda [&hellip;]<\/p>\n","protected":false},"author":15,"featured_media":0,"comment_status":"closed","ping_status":"open","sticky":false,"template":"","format":"standard","meta":{"_acf_changed":false,"footnotes":""},"categories":[4],"tags":[],"class_list":["post-3063","post","type-post","status-publish","format-standard","hentry","category-akce-skoly"],"acf":{"photo_gallery":{"fotogalerie":[[]]}},"_links":{"self":[{"href":"https:\/\/mscv.cz\/ms-radost\/wp-json\/wp\/v2\/posts\/3063","targetHints":{"allow":["GET"]}}],"collection":[{"href":"https:\/\/mscv.cz\/ms-radost\/wp-json\/wp\/v2\/posts"}],"about":[{"href":"https:\/\/mscv.cz\/ms-radost\/wp-json\/wp\/v2\/types\/post"}],"author":[{"embeddable":true,"href":"https:\/\/mscv.cz\/ms-radost\/wp-json\/wp\/v2\/users\/15"}],"replies":[{"embeddable":true,"href":"https:\/\/mscv.cz\/ms-radost\/wp-json\/wp\/v2\/comments?post=3063"}],"version-history":[{"count":1,"href":"https:\/\/mscv.cz\/ms-radost\/wp-json\/wp\/v2\/posts\/3063\/revisions"}],"predecessor-version":[{"id":3064,"href":"https:\/\/mscv.cz\/ms-radost\/wp-json\/wp\/v2\/posts\/3063\/revisions\/3064"}],"wp:attachment":[{"href":"https:\/\/mscv.cz\/ms-radost\/wp-json\/wp\/v2\/media?parent=3063"}],"wp:term":[{"taxonomy":"category","embeddable":true,"href":"https:\/\/mscv.cz\/ms-radost\/wp-json\/wp\/v2\/categories?post=3063"},{"taxonomy":"post_tag","embeddable":true,"href":"https:\/\/mscv.cz\/ms-radost\/wp-json\/wp\/v2\/tags?post=3063"}],"curies":[{"name":"wp","href":"https:\/\/api.w.org\/{rel}","templated":true}]}}