{"id":3575,"date":"2022-11-30T18:00:26","date_gmt":"2022-11-30T17:00:26","guid":{"rendered":"https:\/\/mscv.cz\/ms-radost\/?p=3575"},"modified":"2022-11-30T18:00:26","modified_gmt":"2022-11-30T17:00:26","slug":"akce-v-prosinci-2022","status":"publish","type":"post","link":"https:\/\/mscv.cz\/ms-radost\/akce-skoly\/akce-v-prosinci-2022\/","title":{"rendered":"Akce v PROSINCI 2022"},"content":{"rendered":"<p><strong>Spole\u010dn\u00e9 pro celou M\u0160:<\/strong><\/p>\n<ul>\n<li><strong>Vyhodnocen\u00ed v\u00e1no\u010dn\u00ed sout\u011b\u017ee<\/strong><\/li>\n<li><strong>Bruslen\u00ed (pro p\u0159ihl\u00e1\u0161en\u00e9 d\u011bti)<\/strong><\/li>\n<li><strong>Sb\u011br pap\u00edru<\/strong><\/li>\n<\/ul>\n<p><strong>T\u0159\u00edda 1.:<\/strong><\/p>\n<ul>\n<li>V\u00e1no\u010dn\u00ed posezen\u00ed s\u00a0rodi\u010di<\/li>\n<li>Sout\u011b\u017e o nejn\u00e1padit\u011bj\u0161\u00ed v\u00e1no\u010dn\u00ed ozdobu<\/li>\n<li>Zdoben\u00ed strome\u010dk\u016f<\/li>\n<li>Je\u017e\u00ed\u0161ek v\u00a0M\u0160<\/li>\n<li>N\u00e1v\u0161t\u011bva v\u00e1no\u010dn\u00edch trh\u016f<\/li>\n<\/ul>\n<p><strong>\u00a0<\/strong><strong>T\u0159\u00edda 2.: <\/strong><\/p>\n<ul>\n<li>12. Zdoben\u00ed v\u00e1no\u010dn\u00edho strome\u010dku v\u00a0M\u011bstsk\u00e9m parku v\u00a0Chomutov\u011b (Roz\u00e1rium)<\/li>\n<li>12. Mikul\u00e1\u0161sk\u00e1 nad\u00edlka<\/li>\n<li>12. od 15:00 V\u00e1no\u010dn\u00ed zp\u00edv\u00e1n\u00ed p\u011bveck\u00e9ho sboru Radost<\/li>\n<li>12. N\u00e1v\u0161t\u011bva v\u00fdstavy Betl\u00e9m\u016f<\/li>\n<li>12. od 15:00 V\u00e1no\u010dn\u00ed posezen\u00ed pro d\u011bti a rodi\u010de<\/li>\n<li>12. Divadlo \u2013 Ledov\u00e9 kr\u00e1lovstv\u00ed<\/li>\n<\/ul>\n<p><strong>T\u0159\u00edda 3.: <\/strong><\/p>\n<ul>\n<li>Mikul\u00e1\u0161sk\u00e1 nad\u00edlka<\/li>\n<li>,,T\u011b\u0161\u00edme se na V\u00e1noce\u201c \u2013 kreativn\u00ed sout\u011b\u017e pro d\u011bti a rodi\u010de<\/li>\n<li>V\u00e1no\u010dn\u00ed posezen\u00ed<\/li>\n<li>Zdoben\u00ed strome\u010dk\u016f v\u00a0ATRIU<\/li>\n<li>\u017div\u00fd Betl\u00e9m<\/li>\n<\/ul>\n<p><strong>T\u0159\u00edda 4.:<\/strong><\/p>\n<ul>\n<li>Mikul\u00e1\u0161sk\u00e1 nad\u00edlka<\/li>\n<li>T\u011b\u0161\u00edme se na V\u00e1noce \u2013 kreativn\u00ed tvo\u0159en\u00ed pro d\u011bti a rodi\u010de<\/li>\n<li>V\u00e1no\u010dn\u00ed posezen\u00ed<\/li>\n<li>V\u00e1no\u010dn\u00ed koncert na schodech<\/li>\n<\/ul>\n<p><strong>T\u0159\u00edda 5.:<\/strong><\/p>\n<ul>\n<li>Mikul\u00e1\u0161<\/li>\n<li>Betl\u00e9m<\/li>\n<li>N\u00e1v\u0161t\u011bva v\u00e1no\u010dn\u00edho parku<\/li>\n<li>V\u00e1no\u010dn\u00ed posezen\u00ed<\/li>\n<li>V\u00e1no\u010dn\u00ed nad\u00edlka<\/li>\n<\/ul>\n<p><strong>T\u0159\u00edda 6:<\/strong><\/p>\n<ul>\n<li>V\u00e1no\u010dn\u00ed posezen\u00ed s\u00a0rodi\u010di<\/li>\n<li>12. Mikul\u00e1\u0161sk\u00e1 nad\u00edlka<\/li>\n<li>12. N\u00e1v\u0161t\u011bva v\u00fdstavy Betl\u00e9m\u016f<\/li>\n<\/ul>\n<p><strong>\u00a0<\/strong><strong>T\u0159\u00edda 7.:<\/strong><\/p>\n<ul>\n<li>12. Zdoben\u00ed v\u00e1no\u010dn\u00edho strome\u010dku na\u0161\u00ed mate\u0159sk\u00e9 \u0161koly v\u00a0m\u011bstsk\u00e9m parku<\/li>\n<li>12. od 16:00 V\u00e1no\u010dn\u00ed zp\u00edv\u00e1n\u00ed v\u00a0alt\u00e1nku v\u00a0m\u011bstsk\u00e9m parku \u2013 vystoupen\u00ed p\u011bveck\u00e9ho sboru chomutovsk\u00fdch mate\u0159inek (vybran\u00e9 d\u011bti z\u00a0p\u011bveck\u00e9ho sboru Radost)<\/li>\n<li>12. Mikul\u00e1\u0161sk\u00e1 nad\u00edlka<\/li>\n<li>12. od 15:00 V\u00e1no\u010dn\u00ed zp\u00edv\u00e1n\u00ed p\u011bveck\u00e9ho sboru Radost<\/li>\n<li>12. Je\u017e\u00ed\u0161ek u Mot\u00fdlk\u016f<\/li>\n<li>12. od 14:15 do 15:15 V\u00e1no\u010dn\u00ed posezen\u00ed pro d\u011bti a rodi\u010de<\/li>\n<li>12. Divadlo \u2013 Ledov\u00e9 kr\u00e1lovstv\u00ed<\/li>\n<li>Cesta za Je\u017e\u00ed\u0161kem<\/li>\n<\/ul>\n<p><strong>\u00a0<\/strong><strong>Z akc\u00ed budou po\u0159izov\u00e1ny fotografie a videoz\u00e1znamy report\u00e1\u017en\u00edho charakteru.<\/strong><\/p>\n","protected":false},"excerpt":{"rendered":"<p>Spole\u010dn\u00e9 pro celou M\u0160: Vyhodnocen\u00ed v\u00e1no\u010dn\u00ed sout\u011b\u017ee Bruslen\u00ed (pro p\u0159ihl\u00e1\u0161en\u00e9 d\u011bti) Sb\u011br pap\u00edru T\u0159\u00edda 1.: V\u00e1no\u010dn\u00ed posezen\u00ed s\u00a0rodi\u010di Sout\u011b\u017e o nejn\u00e1padit\u011bj\u0161\u00ed v\u00e1no\u010dn\u00ed ozdobu Zdoben\u00ed strome\u010dk\u016f Je\u017e\u00ed\u0161ek v\u00a0M\u0160 N\u00e1v\u0161t\u011bva v\u00e1no\u010dn\u00edch trh\u016f \u00a0T\u0159\u00edda 2.: 12. Zdoben\u00ed v\u00e1no\u010dn\u00edho strome\u010dku v\u00a0M\u011bstsk\u00e9m parku v\u00a0Chomutov\u011b (Roz\u00e1rium) 12. Mikul\u00e1\u0161sk\u00e1 nad\u00edlka 12. od 15:00 V\u00e1no\u010dn\u00ed zp\u00edv\u00e1n\u00ed p\u011bveck\u00e9ho sboru Radost 12. N\u00e1v\u0161t\u011bva v\u00fdstavy Betl\u00e9m\u016f [&hellip;]<\/p>\n","protected":false},"author":15,"featured_media":0,"comment_status":"closed","ping_status":"open","sticky":false,"template":"","format":"standard","meta":{"_acf_changed":false,"footnotes":""},"categories":[4],"tags":[],"class_list":["post-3575","post","type-post","status-publish","format-standard","hentry","category-akce-skoly"],"acf":{"photo_gallery":{"fotogalerie":[[]]}},"_links":{"self":[{"href":"https:\/\/mscv.cz\/ms-radost\/wp-json\/wp\/v2\/posts\/3575","targetHints":{"allow":["GET"]}}],"collection":[{"href":"https:\/\/mscv.cz\/ms-radost\/wp-json\/wp\/v2\/posts"}],"about":[{"href":"https:\/\/mscv.cz\/ms-radost\/wp-json\/wp\/v2\/types\/post"}],"author":[{"embeddable":true,"href":"https:\/\/mscv.cz\/ms-radost\/wp-json\/wp\/v2\/users\/15"}],"replies":[{"embeddable":true,"href":"https:\/\/mscv.cz\/ms-radost\/wp-json\/wp\/v2\/comments?post=3575"}],"version-history":[{"count":1,"href":"https:\/\/mscv.cz\/ms-radost\/wp-json\/wp\/v2\/posts\/3575\/revisions"}],"predecessor-version":[{"id":3578,"href":"https:\/\/mscv.cz\/ms-radost\/wp-json\/wp\/v2\/posts\/3575\/revisions\/3578"}],"wp:attachment":[{"href":"https:\/\/mscv.cz\/ms-radost\/wp-json\/wp\/v2\/media?parent=3575"}],"wp:term":[{"taxonomy":"category","embeddable":true,"href":"https:\/\/mscv.cz\/ms-radost\/wp-json\/wp\/v2\/categories?post=3575"},{"taxonomy":"post_tag","embeddable":true,"href":"https:\/\/mscv.cz\/ms-radost\/wp-json\/wp\/v2\/tags?post=3575"}],"curies":[{"name":"wp","href":"https:\/\/api.w.org\/{rel}","templated":true}]}}