{"id":3832,"date":"2023-01-27T10:28:55","date_gmt":"2023-01-27T09:28:55","guid":{"rendered":"https:\/\/mscv.cz\/ms-radost\/?p=3832"},"modified":"2023-01-27T10:28:55","modified_gmt":"2023-01-27T09:28:55","slug":"akce-v-unoru-2","status":"publish","type":"post","link":"https:\/\/mscv.cz\/ms-radost\/akce-skoly\/akce-v-unoru-2\/","title":{"rendered":"AKCE V \u00daNORU"},"content":{"rendered":"<p><strong>Spole\u010dn\u00e9 pro celou M\u0160:<\/strong><\/p>\n<ul>\n<li><strong>Bruslen\u00ed (pro p\u0159ihl\u00e1\u0161en\u00e9 d\u011bti)<\/strong><\/li>\n<li><strong>V\u00fdtvarn\u00e1 v\u00fdstava v\u00a0knihov\u011b \u201eZIMA\u201c<\/strong><\/li>\n<li><strong>Sb\u011br pap\u00edru<\/strong><\/li>\n<\/ul>\n<p><strong>T\u0159\u00edda 1.:<\/strong><\/p>\n<ul>\n<li>Poh\u00e1dkov\u00e9 odpoledne<\/li>\n<li>Karneval 15.2.<\/li>\n<li>Projektov\u00fd den \u201eJ\u00e1ja a P\u00e1ja\u201c<\/li>\n<li>N\u00e1v\u0161t\u011bva dopravn\u00edho h\u0159i\u0161t\u011b SKKS<\/li>\n<\/ul>\n<p><strong>T\u0159\u00edda 2.: <\/strong><\/p>\n<ul>\n<li>2. Novoro\u010dn\u00ed turnaj ve fotbale<\/li>\n<li>2. Logopedie<\/li>\n<li>2. Karneval<\/li>\n<li>Exkurze do sportovn\u00ed haly<\/li>\n<li>\u201eJ\u00e1ja a P\u00e1ja\u201c \u2013 projektov\u00fd den<\/li>\n<li>2. \u201ePoh\u00e1dkov\u00e9 odpoledne\u201c pro d\u011bti a rodi\u010de (od 14:30 hodin)<\/li>\n<li>Bruslen\u00ed (pro p\u0159ihl\u00e1\u0161en\u00e9 d\u011bti)<\/li>\n<\/ul>\n<p><strong>T\u0159\u00edda 3.: <\/strong><\/p>\n<ul>\n<li>Poh\u00e1dkov\u00e9 odpoledne<\/li>\n<li>Karneval<\/li>\n<li>Divadlo<\/li>\n<li>Projektov\u00fd den J\u00e1ja a P\u00e1ja<\/li>\n<\/ul>\n<p><strong>T\u0159\u00edda 4.:<\/strong><\/p>\n<ul>\n<li>Bruslen\u00ed<\/li>\n<li>Ly\u017ea\u0159sk\u00fd kurz<\/li>\n<li>Turnaj ve fotbale<\/li>\n<li>Poh\u00e1dkov\u00e9 odpoledne pro d\u011bti a rodi\u010de<\/li>\n<li>Karneval<\/li>\n<li>Divadlo<\/li>\n<li>Projektov\u00fd den J\u00e1ja a P\u00e1ja<\/li>\n<\/ul>\n<p><strong>T\u0159\u00edda 5.:<\/strong><\/p>\n<ul>\n<li>Poh\u00e1dkov\u00e9 dopoledne pro d\u011bti<\/li>\n<li>Projektov\u00fd den J\u00e1ja a P\u00e1ja + karneval<\/li>\n<li>Sb\u011br pap\u00edru<\/li>\n<\/ul>\n<p><strong>T\u0159\u00edda 6:<\/strong><\/p>\n<ul>\n<li>Karneval &#8211; Pr\u016fvod masek<\/li>\n<li>Valent\u00fdnsk\u00e1 oslava<\/li>\n<li>Projektov\u00fd den \u201e J\u00e1ja a P\u00e1ja\u201c<\/li>\n<li>Sb\u011br pap\u00edru<\/li>\n<\/ul>\n<p><strong>\u00a0<\/strong><strong>T\u0159\u00edda 7.:<\/strong><\/p>\n<ul>\n<li>2. Karneval<\/li>\n<li>2. Poh\u00e1dkov\u00e9 dopoledne<\/li>\n<li>Projektov\u00fd den \u00b4\u00b4J\u00e1ja a P\u00e1ja\u00b4\u00b4<\/li>\n<li>Bruslen\u00ed pro p\u0159ihl\u00e1\u0161en\u00e9 d\u011bti<\/li>\n<li>Ukulele pro p\u0159ihl\u00e1\u0161en\u00e9 d\u011bti<\/li>\n<li>Sb\u011br pap\u00edru<\/li>\n<\/ul>\n<p><strong>\u00a0<\/strong><strong>Z akc\u00ed jsou po\u0159izov\u00e1ny fotografie a videoz\u00e1znamy report\u00e1\u017en\u00edho charakteru.<\/strong><\/p>\n<p><strong>\u00a0<\/strong><\/p>\n","protected":false},"excerpt":{"rendered":"<p>Spole\u010dn\u00e9 pro celou M\u0160: Bruslen\u00ed (pro p\u0159ihl\u00e1\u0161en\u00e9 d\u011bti) V\u00fdtvarn\u00e1 v\u00fdstava v\u00a0knihov\u011b \u201eZIMA\u201c Sb\u011br pap\u00edru T\u0159\u00edda 1.: Poh\u00e1dkov\u00e9 odpoledne Karneval 15.2. Projektov\u00fd den \u201eJ\u00e1ja a P\u00e1ja\u201c N\u00e1v\u0161t\u011bva dopravn\u00edho h\u0159i\u0161t\u011b SKKS T\u0159\u00edda 2.: 2. Novoro\u010dn\u00ed turnaj ve fotbale 2. Logopedie 2. Karneval Exkurze do sportovn\u00ed haly \u201eJ\u00e1ja a P\u00e1ja\u201c \u2013 projektov\u00fd den 2. \u201ePoh\u00e1dkov\u00e9 odpoledne\u201c pro d\u011bti [&hellip;]<\/p>\n","protected":false},"author":15,"featured_media":0,"comment_status":"closed","ping_status":"open","sticky":false,"template":"","format":"standard","meta":{"_acf_changed":false,"footnotes":""},"categories":[4],"tags":[],"class_list":["post-3832","post","type-post","status-publish","format-standard","hentry","category-akce-skoly"],"acf":{"photo_gallery":{"fotogalerie":[[]]}},"_links":{"self":[{"href":"https:\/\/mscv.cz\/ms-radost\/wp-json\/wp\/v2\/posts\/3832","targetHints":{"allow":["GET"]}}],"collection":[{"href":"https:\/\/mscv.cz\/ms-radost\/wp-json\/wp\/v2\/posts"}],"about":[{"href":"https:\/\/mscv.cz\/ms-radost\/wp-json\/wp\/v2\/types\/post"}],"author":[{"embeddable":true,"href":"https:\/\/mscv.cz\/ms-radost\/wp-json\/wp\/v2\/users\/15"}],"replies":[{"embeddable":true,"href":"https:\/\/mscv.cz\/ms-radost\/wp-json\/wp\/v2\/comments?post=3832"}],"version-history":[{"count":1,"href":"https:\/\/mscv.cz\/ms-radost\/wp-json\/wp\/v2\/posts\/3832\/revisions"}],"predecessor-version":[{"id":3833,"href":"https:\/\/mscv.cz\/ms-radost\/wp-json\/wp\/v2\/posts\/3832\/revisions\/3833"}],"wp:attachment":[{"href":"https:\/\/mscv.cz\/ms-radost\/wp-json\/wp\/v2\/media?parent=3832"}],"wp:term":[{"taxonomy":"category","embeddable":true,"href":"https:\/\/mscv.cz\/ms-radost\/wp-json\/wp\/v2\/categories?post=3832"},{"taxonomy":"post_tag","embeddable":true,"href":"https:\/\/mscv.cz\/ms-radost\/wp-json\/wp\/v2\/tags?post=3832"}],"curies":[{"name":"wp","href":"https:\/\/api.w.org\/{rel}","templated":true}]}}