{"id":3999,"date":"2023-02-27T16:02:25","date_gmt":"2023-02-27T15:02:25","guid":{"rendered":"https:\/\/mscv.cz\/ms-radost\/?p=3999"},"modified":"2023-02-27T16:02:25","modified_gmt":"2023-02-27T15:02:25","slug":"akce-v-breznu-2023","status":"publish","type":"post","link":"https:\/\/mscv.cz\/ms-radost\/akce-skoly\/akce-v-breznu-2023\/","title":{"rendered":"Akce v b\u0159eznu 2023"},"content":{"rendered":"<p><strong>Spole\u010dn\u00e9 pro celou M\u0160:<\/strong><\/p>\n<ul>\n<li><strong>Bruslen\u00ed (pro p\u0159ihl\u00e1\u0161en\u00e9 d\u011bti)<\/strong><\/li>\n<li><strong> a 23. 3. Mate\u0159inka 2023<\/strong><\/li>\n<li><strong> 3. \u201eZa tu\u010d\u0148\u00e1kem na severn\u00ed p\u00f3l\u201c \u2013 ledov\u00e9 hr\u00e1tky<\/strong><\/li>\n<li><strong>Environment\u00e1ln\u00ed v\u00fdstava v\u00a0knihov\u011b \u201eLidov\u00e1 p\u00edse\u0148\u201c<\/strong><\/li>\n<li><strong>Sb\u011br pap\u00edru<\/strong><\/li>\n<\/ul>\n<p><strong>T\u0159\u00edda 1.:<\/strong><\/p>\n<ul>\n<li>PD \u2013 Pejsek a ko\u010di\u010dka<\/li>\n<li>N\u00e1v\u0161t\u011bva divadla \u2013 Mate\u0159inka<\/li>\n<li>N\u00e1v\u0161t\u011bva knihovny<\/li>\n<li>N\u00e1v\u0161t\u011bva zahradnictv\u00ed<\/li>\n<\/ul>\n<p><strong>\u00a0<\/strong><strong>T\u0159\u00edda 2.: <\/strong><\/p>\n<ul>\n<li>Beseda v\u00a0knihovn\u011b<\/li>\n<li>Projektov\u00fd den \u201ePejsek a ko\u010di\u010dka\u201c<\/li>\n<li>Plaveck\u00fd kurz<\/li>\n<li>3. Beseda s rodi\u010di na t\u00e9ma: \u201eP\u0159ed vstupem do Z\u0160\u201c<\/li>\n<li>Bruslen\u00ed (pro p\u0159ihl\u00e1\u0161en\u00e9 d\u011bti)<\/li>\n<\/ul>\n<p><strong>\u00a0<\/strong><strong>T\u0159\u00edda 3.: <\/strong><\/p>\n<ul>\n<li>Besedy v\u00a0knihovn\u011b<\/li>\n<li>Projektov\u00fd den ,,O Pejskovi a ko\u010di\u010dce\u201c<\/li>\n<\/ul>\n<p><strong>\u00a0<\/strong><strong>T\u0159\u00edda 4.:<\/strong><\/p>\n<ul>\n<li>3. Florbal MSH Chomutov<\/li>\n<li>Bruslen\u00ed<\/li>\n<li>Plaveck\u00fd kurz<\/li>\n<li>Ly\u017ea\u0159sk\u00fd kurz<\/li>\n<li>Projektov\u00fd den : ..O pejskovi a ko\u010di\u010dce\u201c<\/li>\n<li>3.Z\u0160 P\u0159\u00edkopy- po\u010d\u00edta\u010de<\/li>\n<li>3. Beseda s\u00a0rodi\u010di na t\u00e9ma: \u201eVstup do Z\u0160\u201c<\/li>\n<\/ul>\n<p><strong>\u00a0<\/strong><strong>T\u0159\u00edda 5.:<\/strong><\/p>\n<ul>\n<li>Beseda v knihovn\u011b<\/li>\n<li>N\u00e1v\u0161t\u011bva zahradnictv\u00ed<\/li>\n<li>N\u00e1v\u0161t\u011bva divadla \u2013 MATE\u0158INKA<\/li>\n<li>N\u00e1v\u0161t\u011bva lesoparku<\/li>\n<li>Projektov\u00fd den<\/li>\n<\/ul>\n<p><strong>\u00a0<\/strong><strong>T\u0159\u00edda 6:<\/strong><\/p>\n<ul>\n<li>N\u00e1v\u0161t\u011bva knihovny<\/li>\n<li>Projektov\u00fd den ,,O pejskovi a ko\u010di\u010dce\u201c<\/li>\n<li>Prodlou\u017een\u00e1 vych\u00e1zka<\/li>\n<li>Sb\u011br pap\u00edru<\/li>\n<\/ul>\n<p><strong>\u00a0<\/strong><strong>T\u0159\u00edda 7.:<\/strong><\/p>\n<ul>\n<li>N\u00e1v\u0161t\u011bva d\u011btsk\u00e9ho odd\u011blen\u00ed v\u00a0knihovn\u011b<\/li>\n<li>Projektov\u00fd den 5. a 6. t\u0159\u00eddy<\/li>\n<li>Lesopark Chomutov<\/li>\n<li>T\u011blov\u00fdchovn\u00e9 aktivity Ploch\u00e1 dr\u00e1ha Chomutov<\/li>\n<li>Plaveck\u00fd kurz pro p\u0159ihl\u00e1\u0161en\u00e9 p\u0159ed\u0161kol\u00e1ky<\/li>\n<li>Bruslen\u00ed pro p\u0159ihl\u00e1\u0161en\u00e9 p\u0159ed\u0161kol\u00e1ky<\/li>\n<\/ul>\n<p><strong>Z akc\u00ed jsou po\u0159izov\u00e1ny fotografie a videoz\u00e1znamy report\u00e1\u017en\u00edho charakteru.<\/strong><\/p>\n<p><strong>\u00a0<\/strong><\/p>\n","protected":false},"excerpt":{"rendered":"<p>Spole\u010dn\u00e9 pro celou M\u0160: Bruslen\u00ed (pro p\u0159ihl\u00e1\u0161en\u00e9 d\u011bti) a 23. 3. Mate\u0159inka 2023 3. \u201eZa tu\u010d\u0148\u00e1kem na severn\u00ed p\u00f3l\u201c \u2013 ledov\u00e9 hr\u00e1tky Environment\u00e1ln\u00ed v\u00fdstava v\u00a0knihov\u011b \u201eLidov\u00e1 p\u00edse\u0148\u201c Sb\u011br pap\u00edru T\u0159\u00edda 1.: PD \u2013 Pejsek a ko\u010di\u010dka N\u00e1v\u0161t\u011bva divadla \u2013 Mate\u0159inka N\u00e1v\u0161t\u011bva knihovny N\u00e1v\u0161t\u011bva zahradnictv\u00ed \u00a0T\u0159\u00edda 2.: Beseda v\u00a0knihovn\u011b Projektov\u00fd den \u201ePejsek a ko\u010di\u010dka\u201c Plaveck\u00fd kurz [&hellip;]<\/p>\n","protected":false},"author":15,"featured_media":0,"comment_status":"closed","ping_status":"open","sticky":false,"template":"","format":"standard","meta":{"_acf_changed":false,"footnotes":""},"categories":[4],"tags":[],"class_list":["post-3999","post","type-post","status-publish","format-standard","hentry","category-akce-skoly"],"acf":{"photo_gallery":{"fotogalerie":[[]]}},"_links":{"self":[{"href":"https:\/\/mscv.cz\/ms-radost\/wp-json\/wp\/v2\/posts\/3999","targetHints":{"allow":["GET"]}}],"collection":[{"href":"https:\/\/mscv.cz\/ms-radost\/wp-json\/wp\/v2\/posts"}],"about":[{"href":"https:\/\/mscv.cz\/ms-radost\/wp-json\/wp\/v2\/types\/post"}],"author":[{"embeddable":true,"href":"https:\/\/mscv.cz\/ms-radost\/wp-json\/wp\/v2\/users\/15"}],"replies":[{"embeddable":true,"href":"https:\/\/mscv.cz\/ms-radost\/wp-json\/wp\/v2\/comments?post=3999"}],"version-history":[{"count":1,"href":"https:\/\/mscv.cz\/ms-radost\/wp-json\/wp\/v2\/posts\/3999\/revisions"}],"predecessor-version":[{"id":4000,"href":"https:\/\/mscv.cz\/ms-radost\/wp-json\/wp\/v2\/posts\/3999\/revisions\/4000"}],"wp:attachment":[{"href":"https:\/\/mscv.cz\/ms-radost\/wp-json\/wp\/v2\/media?parent=3999"}],"wp:term":[{"taxonomy":"category","embeddable":true,"href":"https:\/\/mscv.cz\/ms-radost\/wp-json\/wp\/v2\/categories?post=3999"},{"taxonomy":"post_tag","embeddable":true,"href":"https:\/\/mscv.cz\/ms-radost\/wp-json\/wp\/v2\/tags?post=3999"}],"curies":[{"name":"wp","href":"https:\/\/api.w.org\/{rel}","templated":true}]}}