{"id":4156,"date":"2023-03-29T16:05:15","date_gmt":"2023-03-29T14:05:15","guid":{"rendered":"https:\/\/mscv.cz\/ms-radost\/?p=4156"},"modified":"2023-03-29T16:05:16","modified_gmt":"2023-03-29T14:05:16","slug":"akce-v-dubnu","status":"publish","type":"post","link":"https:\/\/mscv.cz\/ms-radost\/akce-skoly\/akce-v-dubnu\/","title":{"rendered":"AKCE V DUBNU"},"content":{"rendered":"<p><strong>Spole\u010dn\u00e9 pro celou M\u0160:<\/strong><\/p>\n<ul>\n<li><strong>Rej \u010darod\u011bjnic<\/strong><\/li>\n<li><strong>Sb\u011br pap\u00edru<\/strong><\/li>\n<\/ul>\n<p><strong>T\u0159\u00edda 1.:<\/strong><\/p>\n<ul>\n<li>Den s\u00a0P\u010cR<\/li>\n<li>Cesta za velikono\u010dn\u00edm zaj\u00ed\u010dkem<\/li>\n<li>Projektov\u00fd den \u2013 V\u00edla Am\u00e1lka<\/li>\n<li>\u010carod\u011bjnick\u00fd rej<\/li>\n<li>V\u00edt\u00e1n\u00ed jara<\/li>\n<\/ul>\n<p><strong>T\u0159\u00edda 2.: <\/strong><\/p>\n<ul>\n<li>V\u00edt\u00e1n\u00ed jara<\/li>\n<li>Plav\u00e1n\u00ed (pro p\u0159ihl\u00e1\u0161en\u00e9 d\u011bti)<\/li>\n<li>N\u00e1v\u0161t\u011bva Z\u0160<\/li>\n<li>Beseda v\u00a0knihovn\u011b<\/li>\n<li>N\u00e1v\u0161t\u011bva dopravn\u00edho h\u0159i\u0161t\u011b<\/li>\n<li>Zdoben\u00ed velikono\u010dn\u00ed b\u0159\u00edzy na N\u00e1m\u011bst\u00ed 1. m\u00e1je<\/li>\n<li>N\u00e1v\u0161t\u011bva hasi\u010dsk\u00e9 zbrojnice<\/li>\n<li>Projektov\u00fd den \u201eV\u00edla Am\u00e1lka\u201c<\/li>\n<\/ul>\n<p><strong>T\u0159\u00edda 3.: <\/strong><\/p>\n<ul>\n<li>V\u00edt\u00e1n\u00ed jara<\/li>\n<li>Den s\u00a0P\u010cR<\/li>\n<li>\u010carod\u011bjn\u00fd den<\/li>\n<li>Projektov\u00fd den ,,V\u00edla Am\u00e1lka\u201c<\/li>\n<li>Plaveck\u00fd kurz<\/li>\n<li>Zoopark Chomutov<\/li>\n<\/ul>\n<p><strong>T\u0159\u00edda 4.:<\/strong><\/p>\n<ul>\n<li>V\u00edt\u00e1n\u00ed jara<\/li>\n<li>Plaveck\u00fd kurz (v\u017edy v\u00a0\u00fater\u00fd a ve \u010dtvrtek \u2013 pro p\u0159ihl\u00e1\u0161en\u00e9 d\u011bti)<\/li>\n<li>Dopravn\u00ed h\u0159i\u0161t\u011b<\/li>\n<li>\u010carod\u011bjn\u00fd den<\/li>\n<li>Projektov\u00fd den \u2013 \u201eV\u00edla Am\u00e1lka\u201c<\/li>\n<li>Logo v\u00a0M\u0160 \u2013 11.4.<\/li>\n<\/ul>\n<p><strong>T\u0159\u00edda 5.:<\/strong><\/p>\n<ul>\n<li>Projektov\u00fd den \u201cV\u00edla Am\u00e1lka\u201d<\/li>\n<li>N\u00e1v\u0161t\u011bva knihovny<\/li>\n<li>N\u00e1v\u0161t\u011bva lesoparku<\/li>\n<li>\u010carod\u011bjnick\u00fd rej<\/li>\n<\/ul>\n<p><strong>T\u0159\u00edda 6.:<\/strong><\/p>\n<ul>\n<li>Den s P\u010cR<\/li>\n<li>\u010carod\u011bjn\u00fd den<\/li>\n<li>Projektov\u00fd den V\u00edla Am\u00e1lka<\/li>\n<\/ul>\n<p><strong>T\u0159\u00edda 7.:<\/strong><\/p>\n<ul>\n<li>4. Beseda \u2013 d\u011btsk\u00e9 odd\u011blen\u00ed m\u011bstsk\u00e9 knihovny<u> <\/u><\/li>\n<li>N\u00e1v\u0161t\u011bva Z\u0160<\/li>\n<li>N\u00e1v\u0161t\u011bva technick\u00fdch slu\u017eeb<\/li>\n<li>Den Zem\u011b<\/li>\n<li>Rej \u010darod\u011bjnic<\/li>\n<li>Dopravn\u00ed h\u0159i\u0161t\u011b ploch\u00e1 dr\u00e1ha<\/li>\n<li>Plaveck\u00fd kurz pro p\u0159ihl\u00e1\u0161en\u00e9 d\u011bti<\/li>\n<\/ul>\n<p><strong>Z akc\u00ed budou po\u0159izov\u00e1ny fotografie a videoz\u00e1znamy report\u00e1\u017en\u00edho charakteru.<\/strong><\/p>\n<p><strong>\u00a0<\/strong><\/p>\n","protected":false},"excerpt":{"rendered":"<p>Spole\u010dn\u00e9 pro celou M\u0160: Rej \u010darod\u011bjnic Sb\u011br pap\u00edru T\u0159\u00edda 1.: Den s\u00a0P\u010cR Cesta za velikono\u010dn\u00edm zaj\u00ed\u010dkem Projektov\u00fd den \u2013 V\u00edla Am\u00e1lka \u010carod\u011bjnick\u00fd rej V\u00edt\u00e1n\u00ed jara T\u0159\u00edda 2.: V\u00edt\u00e1n\u00ed jara Plav\u00e1n\u00ed (pro p\u0159ihl\u00e1\u0161en\u00e9 d\u011bti) N\u00e1v\u0161t\u011bva Z\u0160 Beseda v\u00a0knihovn\u011b N\u00e1v\u0161t\u011bva dopravn\u00edho h\u0159i\u0161t\u011b Zdoben\u00ed velikono\u010dn\u00ed b\u0159\u00edzy na N\u00e1m\u011bst\u00ed 1. m\u00e1je N\u00e1v\u0161t\u011bva hasi\u010dsk\u00e9 zbrojnice Projektov\u00fd den \u201eV\u00edla Am\u00e1lka\u201c T\u0159\u00edda [&hellip;]<\/p>\n","protected":false},"author":15,"featured_media":0,"comment_status":"closed","ping_status":"open","sticky":false,"template":"","format":"standard","meta":{"_acf_changed":false,"footnotes":""},"categories":[4],"tags":[],"class_list":["post-4156","post","type-post","status-publish","format-standard","hentry","category-akce-skoly"],"acf":{"photo_gallery":{"fotogalerie":[[]]}},"_links":{"self":[{"href":"https:\/\/mscv.cz\/ms-radost\/wp-json\/wp\/v2\/posts\/4156","targetHints":{"allow":["GET"]}}],"collection":[{"href":"https:\/\/mscv.cz\/ms-radost\/wp-json\/wp\/v2\/posts"}],"about":[{"href":"https:\/\/mscv.cz\/ms-radost\/wp-json\/wp\/v2\/types\/post"}],"author":[{"embeddable":true,"href":"https:\/\/mscv.cz\/ms-radost\/wp-json\/wp\/v2\/users\/15"}],"replies":[{"embeddable":true,"href":"https:\/\/mscv.cz\/ms-radost\/wp-json\/wp\/v2\/comments?post=4156"}],"version-history":[{"count":1,"href":"https:\/\/mscv.cz\/ms-radost\/wp-json\/wp\/v2\/posts\/4156\/revisions"}],"predecessor-version":[{"id":4157,"href":"https:\/\/mscv.cz\/ms-radost\/wp-json\/wp\/v2\/posts\/4156\/revisions\/4157"}],"wp:attachment":[{"href":"https:\/\/mscv.cz\/ms-radost\/wp-json\/wp\/v2\/media?parent=4156"}],"wp:term":[{"taxonomy":"category","embeddable":true,"href":"https:\/\/mscv.cz\/ms-radost\/wp-json\/wp\/v2\/categories?post=4156"},{"taxonomy":"post_tag","embeddable":true,"href":"https:\/\/mscv.cz\/ms-radost\/wp-json\/wp\/v2\/tags?post=4156"}],"curies":[{"name":"wp","href":"https:\/\/api.w.org\/{rel}","templated":true}]}}