{"id":4585,"date":"2023-09-01T15:25:11","date_gmt":"2023-09-01T13:25:11","guid":{"rendered":"https:\/\/mscv.cz\/ms-radost\/?p=4585"},"modified":"2023-09-01T15:25:11","modified_gmt":"2023-09-01T13:25:11","slug":"akce-v-zari-2023","status":"publish","type":"post","link":"https:\/\/mscv.cz\/ms-radost\/akce-skoly\/akce-v-zari-2023\/","title":{"rendered":"AKCE V Z\u00c1\u0158\u00cd 2023"},"content":{"rendered":"<p><strong>Spole\u010dn\u00e9 pro celou M\u0160:<\/strong><\/p>\n<ul>\n<li><strong>Slavnostn\u00ed zah\u00e1jen\u00ed \u0161koln\u00edho roku<\/strong><\/li>\n<li><strong>Sch\u016fzky s rodi\u010di<\/strong><\/li>\n<li><strong>Cvi\u010dn\u00fd po\u017e\u00e1rn\u00ed poplach<\/strong><\/li>\n<li><strong>Sb\u011br pap\u00edru<\/strong><\/li>\n<\/ul>\n<p><strong>T\u0159\u00edda 1.:<\/strong><\/p>\n<ul>\n<li>Sch\u016fzka s\u00a0rodi\u010di 13. 9. v\u00a015:00<\/li>\n<\/ul>\n<p><strong>T\u0159\u00edda 2.: <\/strong><\/p>\n<ul>\n<li>Sch\u016fzka s\u00a0rodi\u010di13. 9. v\u00a015:30<\/li>\n<li>\u201eZahrada \u010cech\u201c \u2013 v\u00fdstava ovoce a zeleniny<\/li>\n<\/ul>\n<p><strong>T\u0159\u00edda 3.: <\/strong><\/p>\n<ul>\n<li>Sch\u016fzka s\u00a0rodi\u010di 11. 9. v\u00a015:30<\/li>\n<li>N\u00e1v\u0161t\u011bva knihovny<\/li>\n<\/ul>\n<p><strong>T\u0159\u00edda 4.:<\/strong><\/p>\n<ul>\n<li>Sch\u016fzka s\u00a0rodi\u010di 11. 9. v\u00a015:00<\/li>\n<li>P\u0159iv\u00edt\u00e1n\u00ed v nov\u00e9m \u0161koln\u00edm roce<\/li>\n<li>N\u00e1v\u0161t\u011bva dopravn\u00edho h\u0159i\u0161t\u011b<\/li>\n<\/ul>\n<p><strong>T\u0159\u00edda 5.:<\/strong><\/p>\n<ul>\n<li>T\u0159\u00eddn\u00ed sch\u016fzky 12.9. v\u00a015,30hod.<\/li>\n<li>Adapta\u010dn\u00ed program<\/li>\n<li>Cvi\u010dn\u00fd po\u017e\u00e1rn\u00ed poplach<\/li>\n<li>Brambori\u00e1da<\/li>\n<li>Sb\u011br pap\u00edru<\/li>\n<\/ul>\n<p><strong>\u00a0<\/strong><strong>T\u0159\u00edda 6.:<\/strong><\/p>\n<ul>\n<li>Sch\u016fzka s\u00a0rodi\u010di 12. 9. v\u00a015:00<\/li>\n<\/ul>\n<p><strong>\u00a0<\/strong><strong>T\u0159\u00edda 7.:<\/strong><\/p>\n<ul>\n<li>Sch\u016fzka s\u00a0rodi\u010di 14. 9. v\u00a015:00<\/li>\n<li>P\u0159iv\u00edt\u00e1n\u00ed v nov\u00e9m \u0161koln\u00edm roce<\/li>\n<li>N\u00e1v\u0161t\u011bva divadla<\/li>\n<\/ul>\n<p><strong>\u00a0<\/strong><strong>Z akc\u00ed budou po\u0159izov\u00e1ny fotografie a videoz\u00e1znamy report\u00e1\u017en\u00edho charakteru.<\/strong><\/p>\n<p><strong>\u00a0<\/strong><\/p>\n","protected":false},"excerpt":{"rendered":"<p>Spole\u010dn\u00e9 pro celou M\u0160: Slavnostn\u00ed zah\u00e1jen\u00ed \u0161koln\u00edho roku Sch\u016fzky s rodi\u010di Cvi\u010dn\u00fd po\u017e\u00e1rn\u00ed poplach Sb\u011br pap\u00edru T\u0159\u00edda 1.: Sch\u016fzka s\u00a0rodi\u010di 13. 9. v\u00a015:00 T\u0159\u00edda 2.: Sch\u016fzka s\u00a0rodi\u010di13. 9. v\u00a015:30 \u201eZahrada \u010cech\u201c \u2013 v\u00fdstava ovoce a zeleniny T\u0159\u00edda 3.: Sch\u016fzka s\u00a0rodi\u010di 11. 9. v\u00a015:30 N\u00e1v\u0161t\u011bva knihovny T\u0159\u00edda 4.: Sch\u016fzka s\u00a0rodi\u010di 11. 9. v\u00a015:00 P\u0159iv\u00edt\u00e1n\u00ed v nov\u00e9m [&hellip;]<\/p>\n","protected":false},"author":15,"featured_media":0,"comment_status":"closed","ping_status":"open","sticky":false,"template":"","format":"standard","meta":{"_acf_changed":false,"footnotes":""},"categories":[4],"tags":[],"class_list":["post-4585","post","type-post","status-publish","format-standard","hentry","category-akce-skoly"],"acf":{"photo_gallery":{"fotogalerie":[[]]}},"_links":{"self":[{"href":"https:\/\/mscv.cz\/ms-radost\/wp-json\/wp\/v2\/posts\/4585","targetHints":{"allow":["GET"]}}],"collection":[{"href":"https:\/\/mscv.cz\/ms-radost\/wp-json\/wp\/v2\/posts"}],"about":[{"href":"https:\/\/mscv.cz\/ms-radost\/wp-json\/wp\/v2\/types\/post"}],"author":[{"embeddable":true,"href":"https:\/\/mscv.cz\/ms-radost\/wp-json\/wp\/v2\/users\/15"}],"replies":[{"embeddable":true,"href":"https:\/\/mscv.cz\/ms-radost\/wp-json\/wp\/v2\/comments?post=4585"}],"version-history":[{"count":1,"href":"https:\/\/mscv.cz\/ms-radost\/wp-json\/wp\/v2\/posts\/4585\/revisions"}],"predecessor-version":[{"id":4586,"href":"https:\/\/mscv.cz\/ms-radost\/wp-json\/wp\/v2\/posts\/4585\/revisions\/4586"}],"wp:attachment":[{"href":"https:\/\/mscv.cz\/ms-radost\/wp-json\/wp\/v2\/media?parent=4585"}],"wp:term":[{"taxonomy":"category","embeddable":true,"href":"https:\/\/mscv.cz\/ms-radost\/wp-json\/wp\/v2\/categories?post=4585"},{"taxonomy":"post_tag","embeddable":true,"href":"https:\/\/mscv.cz\/ms-radost\/wp-json\/wp\/v2\/tags?post=4585"}],"curies":[{"name":"wp","href":"https:\/\/api.w.org\/{rel}","templated":true}]}}