{"id":4611,"date":"2023-09-27T09:27:54","date_gmt":"2023-09-27T07:27:54","guid":{"rendered":"https:\/\/mscv.cz\/ms-radost\/?p=4611"},"modified":"2023-09-27T09:27:54","modified_gmt":"2023-09-27T07:27:54","slug":"akce-v-rijnu","status":"publish","type":"post","link":"https:\/\/mscv.cz\/ms-radost\/akce-skoly\/akce-v-rijnu\/","title":{"rendered":"Akce v \u0158\u00cdJNU"},"content":{"rendered":"<p><strong>Spole\u010dn\u00e9 pro celou M\u0160:<\/strong><\/p>\n<ul>\n<li><strong>\u201eZahrada \u010cech\u201c \u2013 v\u00fdstava ovoce a zeleniny<\/strong><\/li>\n<li><strong>Projektov\u00fd den \u201eO pejskovi a ko\u010di\u010dce\u201c<\/strong><\/li>\n<li><strong> 10. v 15:15 Cvi\u010den\u00ed s\u00a0Picaroonem na \u0161koln\u00ed zahrad\u011b (v p\u0159\u00edpad\u011b nep\u0159\u00edzniv\u00e9ho po\u010das\u00ed v\u00a07. t\u0159\u00edd\u011b \u2013 budova \u201eB\u201c naho\u0159e)<\/strong><\/li>\n<li><strong> 10. v 16:00 Jak se u\u010d\u00ed ve \u0161kolk\u00e1ch Za\u010d\u00edt spolu? \u2013 setk\u00e1n\u00ed s\u00a0metodi\u010dkou ZaS<\/strong><\/li>\n<li><strong>(2. t\u0159\u00edda \u201eU V\u010deli\u010dek\u201c \u2013 budova \u201eA\u201c)<\/strong><\/li>\n<li><strong>Sb\u011br pap\u00edru<\/strong><\/li>\n<\/ul>\n<p><strong>T\u0159\u00edda 1.:<\/strong><\/p>\n<ul>\n<li>Cuketobran\u00ed<\/li>\n<li>V\u00fdlet za pol\u00ed\u010dkem<\/li>\n<li>N\u00e1v\u0161t\u011bva knihovny \u2013 beseda zv\u00ed\u0159\u00e1tka v lese<\/li>\n<li>Tvo\u0159iv\u00e9 d\u00edlny \u201epodzim\u201c<\/li>\n<li>Dopoledne s\u00a0TLAPKOVOU PATROLOU<\/li>\n<\/ul>\n<p><strong>T\u0159\u00edda 2.: <\/strong><\/p>\n<ul>\n<li>V\u00fdlet za pol\u00ed\u010dkem.<\/li>\n<li>\u201ePodzimn\u00ed sk\u0159\u00edtci\u201c \u2013 TD pro d\u011bti a rodi\u010de.<\/li>\n<li>Dopoledne s\u00a0TLAPKOVOU PATROLOU<\/li>\n<li>Cvi\u010den\u00ed v\u00a0t\u011blocvi\u010dn\u011b Z\u0160 \u0160koln\u00ed ul.<\/li>\n<li>Fotb\u00e1lek<\/li>\n<\/ul>\n<p><strong>T\u0159\u00edda 3.: <\/strong><\/p>\n<ul>\n<li>Tvo\u0159iv\u00e9 d\u00edlny ,,Podzim\u201c<\/li>\n<li>Fotb\u00e1lek<\/li>\n<li>Dopoledne s\u00a0TLAPKOVOU PATROLOU<\/li>\n<li>Cvi\u010den\u00ed v t\u011blocvi\u010dn\u011b Z\u0160 \u0160koln\u00ed ul.<\/li>\n<\/ul>\n<p><strong>T\u0159\u00edda 4.:<\/strong><\/p>\n<ul>\n<li>Tvo\u0159iv\u00e1 podzimn\u00ed d\u00edlna<\/li>\n<li>Zahrada \u010cech &#8211; v\u00fdstava ve \u0161kolce<\/li>\n<li>Dopoledne s\u00a0TLAPKOVOU PATROLOU<\/li>\n<li>\u201eEnergie pod pokli\u010dkou\u201c &#8211; exkurze<\/li>\n<\/ul>\n<p><strong>T\u0159\u00edda 5.:<\/strong><\/p>\n<ul>\n<li>Tvo\u0159iv\u00e9 d\u00edlny \u2013 podzimn\u00ed\u010dek<\/li>\n<li>Projektov\u00fd den \u201eO pejskovi a ko\u010di\u010dce\u201c<\/li>\n<li>Adapta\u010dn\u00ed program<\/li>\n<\/ul>\n<p><strong>T\u0159\u00edda 6.:<\/strong><\/p>\n<ul>\n<li>Dopoledne s\u00a0TLAPKOVOU PATROLOU<\/li>\n<li>Cvi\u010den\u00ed v t\u011blocvi\u010dn\u011b Z\u0160 \u0160koln\u00ed ul.<\/li>\n<li>Tvo\u0159iv\u00e1 d\u00edlna \u201ePodzimn\u00ed\u010dek\u201c<\/li>\n<\/ul>\n<p><strong>\u00a0<\/strong><strong>T\u0159\u00edda 7.:<\/strong><\/p>\n<ul>\n<li>,,Energie pod pokli\u010dkou\u201d \u2013 exkurze<\/li>\n<li>Cesta za lesn\u00edmi sk\u0159\u00edtky<\/li>\n<li>Dopoledne s\u00a0TLAPKOVOU PATROLOU<\/li>\n<li>Cvi\u010den\u00ed v t\u011blocvi\u010dn\u011b Z\u0160 \u0160koln\u00ed ul.<\/li>\n<\/ul>\n<p><u>\u00a0<\/u><\/p>\n<p><strong>Z akc\u00ed budou po\u0159izov\u00e1ny fotografie a videoz\u00e1znamy report\u00e1\u017en\u00edho charakteru<\/strong><\/p>\n","protected":false},"excerpt":{"rendered":"<p>Spole\u010dn\u00e9 pro celou M\u0160: \u201eZahrada \u010cech\u201c \u2013 v\u00fdstava ovoce a zeleniny Projektov\u00fd den \u201eO pejskovi a ko\u010di\u010dce\u201c 10. v 15:15 Cvi\u010den\u00ed s\u00a0Picaroonem na \u0161koln\u00ed zahrad\u011b (v p\u0159\u00edpad\u011b nep\u0159\u00edzniv\u00e9ho po\u010das\u00ed v\u00a07. t\u0159\u00edd\u011b \u2013 budova \u201eB\u201c naho\u0159e) 10. v 16:00 Jak se u\u010d\u00ed ve \u0161kolk\u00e1ch Za\u010d\u00edt spolu? \u2013 setk\u00e1n\u00ed s\u00a0metodi\u010dkou ZaS (2. t\u0159\u00edda \u201eU V\u010deli\u010dek\u201c \u2013 budova [&hellip;]<\/p>\n","protected":false},"author":15,"featured_media":0,"comment_status":"closed","ping_status":"open","sticky":false,"template":"","format":"standard","meta":{"_acf_changed":false,"footnotes":""},"categories":[4],"tags":[],"class_list":["post-4611","post","type-post","status-publish","format-standard","hentry","category-akce-skoly"],"acf":{"photo_gallery":{"fotogalerie":[[]]}},"_links":{"self":[{"href":"https:\/\/mscv.cz\/ms-radost\/wp-json\/wp\/v2\/posts\/4611","targetHints":{"allow":["GET"]}}],"collection":[{"href":"https:\/\/mscv.cz\/ms-radost\/wp-json\/wp\/v2\/posts"}],"about":[{"href":"https:\/\/mscv.cz\/ms-radost\/wp-json\/wp\/v2\/types\/post"}],"author":[{"embeddable":true,"href":"https:\/\/mscv.cz\/ms-radost\/wp-json\/wp\/v2\/users\/15"}],"replies":[{"embeddable":true,"href":"https:\/\/mscv.cz\/ms-radost\/wp-json\/wp\/v2\/comments?post=4611"}],"version-history":[{"count":1,"href":"https:\/\/mscv.cz\/ms-radost\/wp-json\/wp\/v2\/posts\/4611\/revisions"}],"predecessor-version":[{"id":4612,"href":"https:\/\/mscv.cz\/ms-radost\/wp-json\/wp\/v2\/posts\/4611\/revisions\/4612"}],"wp:attachment":[{"href":"https:\/\/mscv.cz\/ms-radost\/wp-json\/wp\/v2\/media?parent=4611"}],"wp:term":[{"taxonomy":"category","embeddable":true,"href":"https:\/\/mscv.cz\/ms-radost\/wp-json\/wp\/v2\/categories?post=4611"},{"taxonomy":"post_tag","embeddable":true,"href":"https:\/\/mscv.cz\/ms-radost\/wp-json\/wp\/v2\/tags?post=4611"}],"curies":[{"name":"wp","href":"https:\/\/api.w.org\/{rel}","templated":true}]}}