{"id":4625,"date":"2023-09-27T11:56:26","date_gmt":"2023-09-27T09:56:26","guid":{"rendered":"https:\/\/mscv.cz\/ms-radost\/?p=4625"},"modified":"2023-09-27T11:56:26","modified_gmt":"2023-09-27T09:56:26","slug":"rijen-u-mravenecku-3","status":"publish","type":"post","link":"https:\/\/mscv.cz\/ms-radost\/akce-skoly\/rijen-u-mravenecku-3\/","title":{"rendered":"\u0158\u00edjen &#8222;U MRAVENE\u010cK\u016e&#8220;"},"content":{"rendered":"<p><u>T\u00e9ma:<\/u> Podzim na poli<\/p>\n<p>Podzimn\u00ed les<\/p>\n<p>Co um\u00ed po\u010das\u00ed<\/p>\n<p>V\u00ed\u0161, kde bydl\u00ed zv\u00ed\u0159\u00e1tka?<\/p>\n<p><u>\u010cinnosti: <\/u><\/p>\n<ul>\n<li>Dramatizace poh\u00e1dky o Velik\u00e9 \u0159ep\u011b<\/li>\n<li>Vych\u00e1zka k\u00a0lesu- sb\u011br ka\u0161tan\u016f<\/li>\n<li>Vyhled\u00e1v\u00e1n\u00ed st\u00edn\u016f k\u00a0obr\u00e1zk\u016fm list\u016f<\/li>\n<li>Upev\u0148ov\u00e1n\u00ed v\u011bdomost\u00ed o lesn\u00edch zv\u00ed\u0159atech<\/li>\n<\/ul>\n<p><u>B\u00e1se\u0148: <\/u><\/p>\n<p>U b\u0159ehu se houpou lodi,<\/p>\n<p>les u\u017e ti\u0161e l\u00edn\u00e1.<\/p>\n<p>V\u00edtr oh\u0159\u00edvat si chod\u00ed<\/p>\n<p>prsty do kom\u00edna.<\/p>\n<p>Po zemi se v\u00e1l\u00ed l\u00edstk\u016f!<\/p>\n<p>Barv\u00ed sad i meze&#8230;<\/p>\n<p>Snad n\u00e1s za n\u011b b\u00edl\u00e1 zima<\/p>\n<p>a\u017e do jara sveze!<\/p>\n","protected":false},"excerpt":{"rendered":"<p>T\u00e9ma: Podzim na poli Podzimn\u00ed les Co um\u00ed po\u010das\u00ed V\u00ed\u0161, kde bydl\u00ed zv\u00ed\u0159\u00e1tka? \u010cinnosti: Dramatizace poh\u00e1dky o Velik\u00e9 \u0159ep\u011b Vych\u00e1zka k\u00a0lesu- sb\u011br ka\u0161tan\u016f Vyhled\u00e1v\u00e1n\u00ed st\u00edn\u016f k\u00a0obr\u00e1zk\u016fm list\u016f Upev\u0148ov\u00e1n\u00ed v\u011bdomost\u00ed o lesn\u00edch zv\u00ed\u0159atech B\u00e1se\u0148: U b\u0159ehu se houpou lodi, les u\u017e ti\u0161e l\u00edn\u00e1. V\u00edtr oh\u0159\u00edvat si chod\u00ed prsty do kom\u00edna. Po zemi se v\u00e1l\u00ed l\u00edstk\u016f! Barv\u00ed [&hellip;]<\/p>\n","protected":false},"author":15,"featured_media":0,"comment_status":"closed","ping_status":"open","sticky":false,"template":"","format":"standard","meta":{"_acf_changed":false,"footnotes":""},"categories":[4],"tags":[],"class_list":["post-4625","post","type-post","status-publish","format-standard","hentry","category-akce-skoly"],"acf":{"photo_gallery":{"fotogalerie":[[]]}},"_links":{"self":[{"href":"https:\/\/mscv.cz\/ms-radost\/wp-json\/wp\/v2\/posts\/4625","targetHints":{"allow":["GET"]}}],"collection":[{"href":"https:\/\/mscv.cz\/ms-radost\/wp-json\/wp\/v2\/posts"}],"about":[{"href":"https:\/\/mscv.cz\/ms-radost\/wp-json\/wp\/v2\/types\/post"}],"author":[{"embeddable":true,"href":"https:\/\/mscv.cz\/ms-radost\/wp-json\/wp\/v2\/users\/15"}],"replies":[{"embeddable":true,"href":"https:\/\/mscv.cz\/ms-radost\/wp-json\/wp\/v2\/comments?post=4625"}],"version-history":[{"count":1,"href":"https:\/\/mscv.cz\/ms-radost\/wp-json\/wp\/v2\/posts\/4625\/revisions"}],"predecessor-version":[{"id":4626,"href":"https:\/\/mscv.cz\/ms-radost\/wp-json\/wp\/v2\/posts\/4625\/revisions\/4626"}],"wp:attachment":[{"href":"https:\/\/mscv.cz\/ms-radost\/wp-json\/wp\/v2\/media?parent=4625"}],"wp:term":[{"taxonomy":"category","embeddable":true,"href":"https:\/\/mscv.cz\/ms-radost\/wp-json\/wp\/v2\/categories?post=4625"},{"taxonomy":"post_tag","embeddable":true,"href":"https:\/\/mscv.cz\/ms-radost\/wp-json\/wp\/v2\/tags?post=4625"}],"curies":[{"name":"wp","href":"https:\/\/api.w.org\/{rel}","templated":true}]}}