{"id":5779,"date":"2024-05-30T17:53:12","date_gmt":"2024-05-30T15:53:12","guid":{"rendered":"https:\/\/mscv.cz\/ms-radost\/?p=5779"},"modified":"2024-05-30T17:53:12","modified_gmt":"2024-05-30T15:53:12","slug":"akce-v-cervnu-2024","status":"publish","type":"post","link":"https:\/\/mscv.cz\/ms-radost\/akce-skoly\/akce-v-cervnu-2024\/","title":{"rendered":"Akce v \u010cERVNU 2024"},"content":{"rendered":"<p><strong>Spole\u010dn\u00e9 pro celou M\u0160:<\/strong><\/p>\n<ul>\n<li><strong>5. 6. Oslava MDD na \u0161koln\u00ed zahrad\u011b<\/strong><\/li>\n<li><strong>Projektov\u00fd den \u201eMal\u00ed\u0159i\u201c<\/strong><\/li>\n<li><strong>Projektov\u00fd den \u201eCukr\u00e1\u0159i\u201c<\/strong><\/li>\n<li><strong>Plaveck\u00fd kurz (pro p\u0159ihl\u00e1\u0161en\u00e9 d\u011bti) \u2013 od 24. 4. 2024 do 11. 6. 2024<\/strong><\/li>\n<li><strong>7. 6. Fotografov\u00e1n\u00ed d\u011bt\u00ed<\/strong><\/li>\n<li><strong>Sb\u011br pap\u00edru<\/strong><\/li>\n<\/ul>\n<p><strong>T\u0159\u00edda 1.:<\/strong><\/p>\n<ul>\n<li>10. 6. V\u00fdlet na Lesnou<\/li>\n<li>Projektov\u00fd den \u201e\u0160vadlenky\u201c<\/li>\n<li>Projektov\u00fd den \u201eCukr\u00e1\u0159i\u201c<\/li>\n<li>19. 6. Rozlou\u010den\u00ed s p\u0159ed\u0161kol\u00e1ky<\/li>\n<\/ul>\n<p><strong>T\u0159\u00edda 2.: <\/strong><\/p>\n<ul>\n<li>Plav\u00e1n\u00ed \u00fater\u00fd, \u010dtvrtky pro p\u0159ihl\u00e1\u0161en\u00e9 d\u011bti<\/li>\n<li>5. V\u00fdlet na Lesnou<\/li>\n<li>Projektov\u00fd den \u201e\u0160vadlenky\u201c<\/li>\n<li>Projektov\u00fd den \u201eCukr\u00e1\u0159i\u201c<\/li>\n<li>Piknik v p\u0159\u00edrod\u011b<\/li>\n<\/ul>\n<p><strong>T\u0159\u00edda 3.:<\/strong><\/p>\n<ul>\n<li>6. \u0160koln\u00ed v\u00fdlet<\/li>\n<li>Mate\u0159inkov\u00e9 maturity \u2013 rozlou\u010den\u00ed s\u00a0p\u0159ed\u0161kol\u00e1ky<\/li>\n<li>Projektov\u00e9 dny<\/li>\n<li>Plaveck\u00fd kurz<\/li>\n<\/ul>\n<p><strong>\u00a0<\/strong><strong>T\u0159\u00edda 4.:<\/strong><\/p>\n<ul>\n<li>V\u00fdlet na Mosteck\u00e9 jezero<\/li>\n<li>Lou\u010den\u00ed s p\u0159ed\u0161kol\u00e1ky<\/li>\n<li>Projektov\u00fd den \u201c\u0161vadleny\u201d<\/li>\n<li>Projektov\u00fd den \u201ccukr\u00e1\u0159i\u201d<\/li>\n<\/ul>\n<p><strong>\u00a0<\/strong><strong>T\u0159\u00edda 5.:<\/strong><\/p>\n<ul>\n<li>N\u00e1v\u0161t\u011bva lesoparku<\/li>\n<li>N\u00e1v\u0161t\u011bva domovinky<\/li>\n<li>Projektov\u00fd den \u0160vadlenky<\/li>\n<li>Den d\u011bt\u00ed<\/li>\n<li>V\u00edt\u00e1n\u00ed pr\u00e1zdnin<\/li>\n<li>Ukon\u010den\u00ed \u0161koln\u00edho roku<\/li>\n<\/ul>\n<p><strong>\u00a0<\/strong><strong>T\u0159\u00edda 6.:<\/strong><\/p>\n<ul>\n<li>\u0160koln\u00ed v\u00fdlet do Bra\u0148an<\/li>\n<\/ul>\n<p><strong>T\u0159\u00edda 7,:<\/strong><\/p>\n<ul>\n<li>Lou\u010den\u00ed s p\u0159ed\u0161kol\u00e1ky<\/li>\n<li>Plav\u00e1n\u00ed<\/li>\n<li>Projektov\u00e9 dny<\/li>\n<li>Celodenn\u00ed v\u00fdlet \u2013 poh\u00e1dkov\u00fd les B\u00edlina (12.6.)<\/li>\n<\/ul>\n<p><strong>Z akc\u00ed budou po\u0159izov\u00e1ny fotografie a videoz\u00e1znamy report\u00e1\u017en\u00edho charakteru.<\/strong><\/p>\n<p><strong>\u00a0<\/strong><\/p>\n","protected":false},"excerpt":{"rendered":"<p>Spole\u010dn\u00e9 pro celou M\u0160: 5. 6. Oslava MDD na \u0161koln\u00ed zahrad\u011b Projektov\u00fd den \u201eMal\u00ed\u0159i\u201c Projektov\u00fd den \u201eCukr\u00e1\u0159i\u201c Plaveck\u00fd kurz (pro p\u0159ihl\u00e1\u0161en\u00e9 d\u011bti) \u2013 od 24. 4. 2024 do 11. 6. 2024 7. 6. Fotografov\u00e1n\u00ed d\u011bt\u00ed Sb\u011br pap\u00edru T\u0159\u00edda 1.: 10. 6. V\u00fdlet na Lesnou Projektov\u00fd den \u201e\u0160vadlenky\u201c Projektov\u00fd den \u201eCukr\u00e1\u0159i\u201c 19. 6. Rozlou\u010den\u00ed s p\u0159ed\u0161kol\u00e1ky [&hellip;]<\/p>\n","protected":false},"author":15,"featured_media":0,"comment_status":"closed","ping_status":"open","sticky":false,"template":"","format":"standard","meta":{"_acf_changed":false,"footnotes":""},"categories":[4],"tags":[],"class_list":["post-5779","post","type-post","status-publish","format-standard","hentry","category-akce-skoly"],"acf":{"photo_gallery":{"fotogalerie":[[]]}},"_links":{"self":[{"href":"https:\/\/mscv.cz\/ms-radost\/wp-json\/wp\/v2\/posts\/5779","targetHints":{"allow":["GET"]}}],"collection":[{"href":"https:\/\/mscv.cz\/ms-radost\/wp-json\/wp\/v2\/posts"}],"about":[{"href":"https:\/\/mscv.cz\/ms-radost\/wp-json\/wp\/v2\/types\/post"}],"author":[{"embeddable":true,"href":"https:\/\/mscv.cz\/ms-radost\/wp-json\/wp\/v2\/users\/15"}],"replies":[{"embeddable":true,"href":"https:\/\/mscv.cz\/ms-radost\/wp-json\/wp\/v2\/comments?post=5779"}],"version-history":[{"count":1,"href":"https:\/\/mscv.cz\/ms-radost\/wp-json\/wp\/v2\/posts\/5779\/revisions"}],"predecessor-version":[{"id":5780,"href":"https:\/\/mscv.cz\/ms-radost\/wp-json\/wp\/v2\/posts\/5779\/revisions\/5780"}],"wp:attachment":[{"href":"https:\/\/mscv.cz\/ms-radost\/wp-json\/wp\/v2\/media?parent=5779"}],"wp:term":[{"taxonomy":"category","embeddable":true,"href":"https:\/\/mscv.cz\/ms-radost\/wp-json\/wp\/v2\/categories?post=5779"},{"taxonomy":"post_tag","embeddable":true,"href":"https:\/\/mscv.cz\/ms-radost\/wp-json\/wp\/v2\/tags?post=5779"}],"curies":[{"name":"wp","href":"https:\/\/api.w.org\/{rel}","templated":true}]}}