{"id":5990,"date":"2024-09-01T17:57:14","date_gmt":"2024-09-01T15:57:14","guid":{"rendered":"https:\/\/mscv.cz\/ms-radost\/?p=5990"},"modified":"2024-09-01T17:57:14","modified_gmt":"2024-09-01T15:57:14","slug":"akce-v-zari-2024","status":"publish","type":"post","link":"https:\/\/mscv.cz\/ms-radost\/akce-skoly\/akce-v-zari-2024\/","title":{"rendered":"Akce v Z\u00c1\u0158\u00cd 2024"},"content":{"rendered":"<p><strong>Spole\u010dn\u00e9 pro celou M\u0160:<\/strong><\/p>\n<ul>\n<li><strong> 9. Slavnostn\u00ed zah\u00e1jen\u00ed \u0161koln\u00edho roku<\/strong><\/li>\n<li><strong>Projektov\u00fd den \u201ePeka\u0159i\u201c<\/strong><\/li>\n<li><strong>\u201eZahrada \u010cech\u201c \u2013 zahradn\u00ed slavnost<\/strong><\/li>\n<li><strong>Sb\u011br pap\u00edru<\/strong><\/li>\n<\/ul>\n<p><strong>T\u0159\u00edda 1.:<\/strong><\/p>\n<ul>\n<li>Rodi\u010dovsk\u00e1 sch\u016fzka<\/li>\n<li>N\u00e1v\u0161t\u011bva v\u00fdstavy v knihovn\u011b<\/li>\n<li>\u201eOvocn\u00fd den\u201c<\/li>\n<\/ul>\n<p><strong>T\u0159\u00edda 2.: <\/strong><\/p>\n<ul>\n<li>\u201eOvocn\u00fd den\u201c<\/li>\n<li>Sch\u016fzka s\u00a0rodi\u010di \u2013 5. 9. od 15:00 hodin<\/li>\n<li>Exkurze do divadla<\/li>\n<li>Cvi\u010dn\u00fd po\u017e\u00e1rn\u00ed poplach<\/li>\n<\/ul>\n<p><strong>\u00a0<\/strong><strong>T\u0159\u00edda 3.:<\/strong><\/p>\n<ul>\n<li>T\u0159\u00eddn\u00ed sch\u016fzka \u2013 5. 9. 2024 v\u00a015:30 hod.<\/li>\n<li>N\u00e1v\u0161t\u011bva knihovny<\/li>\n<li>\u201eOvocn\u00fd den\u201c<\/li>\n<\/ul>\n<p><strong>\u00a0<\/strong><strong>T\u0159\u00edda 4.:<\/strong><\/p>\n<ul>\n<li>T\u0159\u00eddn\u00ed sch\u016fzky (zahajovac\u00ed sch\u016fzky s rodi\u010di)<\/li>\n<li>Cvi\u010dn\u00fd po\u017e\u00e1rn\u00ed poplach<\/li>\n<li>Sb\u011br pap\u00edru<\/li>\n<li>\u201eOvocn\u00fd den\u201c<\/li>\n<\/ul>\n<p><strong>\u00a0<\/strong><strong>T\u0159\u00edda 5.:<\/strong><\/p>\n<ul>\n<li>T\u0159\u00eddn\u00ed sch\u016fzka pro rodi\u010de<\/li>\n<li>Individu\u00e1ln\u00ed konzultace s rodi\u010di<\/li>\n<\/ul>\n<p><strong>\u00a0<\/strong><strong>T\u0159\u00edda 6.:<\/strong><\/p>\n<ul>\n<li>3. 9. v\u00a015, 30 hod t\u0159\u00eddn\u00ed sch\u016fzky pro rodi\u010de<\/li>\n<li>\u201eZeleninova\u010dka\u201c\u00a0 &#8211; akce na odpoledne s rodi\u010di<\/li>\n<\/ul>\n<p><strong>T\u0159\u00edda 7,:<\/strong><\/p>\n<ul>\n<li>T\u0159\u00eddn\u00ed sch\u016fzka<\/li>\n<li>Exkurze do zahr\u00e1dk\u00e1\u0159sk\u00e9 kolonie &#8220; M\u00edr&#8220;<\/li>\n<li>\u201eOvocn\u00fd den\u201c<\/li>\n<\/ul>\n<p><strong>Z akc\u00ed budou po\u0159izov\u00e1ny fotografie a videoz\u00e1znamy report\u00e1\u017en\u00edho charakteru.<\/strong><\/p>\n","protected":false},"excerpt":{"rendered":"<p>Spole\u010dn\u00e9 pro celou M\u0160: 9. Slavnostn\u00ed zah\u00e1jen\u00ed \u0161koln\u00edho roku Projektov\u00fd den \u201ePeka\u0159i\u201c \u201eZahrada \u010cech\u201c \u2013 zahradn\u00ed slavnost Sb\u011br pap\u00edru T\u0159\u00edda 1.: Rodi\u010dovsk\u00e1 sch\u016fzka N\u00e1v\u0161t\u011bva v\u00fdstavy v knihovn\u011b \u201eOvocn\u00fd den\u201c T\u0159\u00edda 2.: \u201eOvocn\u00fd den\u201c Sch\u016fzka s\u00a0rodi\u010di \u2013 5. 9. od 15:00 hodin Exkurze do divadla Cvi\u010dn\u00fd po\u017e\u00e1rn\u00ed poplach \u00a0T\u0159\u00edda 3.: T\u0159\u00eddn\u00ed sch\u016fzka \u2013 5. 9. 2024 [&hellip;]<\/p>\n","protected":false},"author":15,"featured_media":0,"comment_status":"closed","ping_status":"open","sticky":false,"template":"","format":"standard","meta":{"_acf_changed":false,"footnotes":""},"categories":[4],"tags":[],"class_list":["post-5990","post","type-post","status-publish","format-standard","hentry","category-akce-skoly"],"acf":{"photo_gallery":{"fotogalerie":[[]]}},"_links":{"self":[{"href":"https:\/\/mscv.cz\/ms-radost\/wp-json\/wp\/v2\/posts\/5990","targetHints":{"allow":["GET"]}}],"collection":[{"href":"https:\/\/mscv.cz\/ms-radost\/wp-json\/wp\/v2\/posts"}],"about":[{"href":"https:\/\/mscv.cz\/ms-radost\/wp-json\/wp\/v2\/types\/post"}],"author":[{"embeddable":true,"href":"https:\/\/mscv.cz\/ms-radost\/wp-json\/wp\/v2\/users\/15"}],"replies":[{"embeddable":true,"href":"https:\/\/mscv.cz\/ms-radost\/wp-json\/wp\/v2\/comments?post=5990"}],"version-history":[{"count":1,"href":"https:\/\/mscv.cz\/ms-radost\/wp-json\/wp\/v2\/posts\/5990\/revisions"}],"predecessor-version":[{"id":5991,"href":"https:\/\/mscv.cz\/ms-radost\/wp-json\/wp\/v2\/posts\/5990\/revisions\/5991"}],"wp:attachment":[{"href":"https:\/\/mscv.cz\/ms-radost\/wp-json\/wp\/v2\/media?parent=5990"}],"wp:term":[{"taxonomy":"category","embeddable":true,"href":"https:\/\/mscv.cz\/ms-radost\/wp-json\/wp\/v2\/categories?post=5990"},{"taxonomy":"post_tag","embeddable":true,"href":"https:\/\/mscv.cz\/ms-radost\/wp-json\/wp\/v2\/tags?post=5990"}],"curies":[{"name":"wp","href":"https:\/\/api.w.org\/{rel}","templated":true}]}}