{"id":6478,"date":"2023-06-05T13:39:06","date_gmt":"2023-06-05T11:39:06","guid":{"rendered":"https:\/\/mscv.cz\/ms-u-slunicka\/?p=6478"},"modified":"2023-06-05T13:40:05","modified_gmt":"2023-06-05T11:40:05","slug":"mezinarodni-den-deti-ve-slunicku","status":"publish","type":"post","link":"https:\/\/mscv.cz\/ms-u-slunicka\/fotostripky-z-nasi-kuchyne\/mezinarodni-den-deti-ve-slunicku\/","title":{"rendered":"Mezin\u00e1rodn\u00ed den d\u011bt\u00ed ve Slun\u00ed\u010dku."},"content":{"rendered":"<p><span style=\"font-size: 14pt;\">Vesel\u00e9 chleb\u00edky pro d\u011bti: \u017eitn\u00fd chl\u00e9b ze za\u010darovan\u00e9ho ml\u00fdna, tvarohov\u00e1 pomaz\u00e1nka z ledov\u00e9ho kr\u00e1lovstv\u00ed se zeleninkou<\/span><\/p>\n<p><img loading=\"lazy\" decoding=\"async\" class=\"alignnone size-full wp-image-6479\" src=\"https:\/\/mscv.cz\/ms-u-slunicka\/wp-content\/uploads\/sites\/2\/2023\/06\/MDD-2.jpg\" alt=\"\" width=\"600\" height=\"989\" srcset=\"https:\/\/mscv.cz\/ms-u-slunicka\/wp-content\/uploads\/sites\/2\/2023\/06\/MDD-2.jpg 600w, https:\/\/mscv.cz\/ms-u-slunicka\/wp-content\/uploads\/sites\/2\/2023\/06\/MDD-2-182x300.jpg 182w\" sizes=\"auto, (max-width: 600px) 100vw, 600px\" \/> <img loading=\"lazy\" decoding=\"async\" class=\"alignnone size-full wp-image-6480\" src=\"https:\/\/mscv.cz\/ms-u-slunicka\/wp-content\/uploads\/sites\/2\/2023\/06\/MDD.jpg\" alt=\"\" width=\"600\" height=\"1031\" srcset=\"https:\/\/mscv.cz\/ms-u-slunicka\/wp-content\/uploads\/sites\/2\/2023\/06\/MDD.jpg 600w, https:\/\/mscv.cz\/ms-u-slunicka\/wp-content\/uploads\/sites\/2\/2023\/06\/MDD-175x300.jpg 175w, https:\/\/mscv.cz\/ms-u-slunicka\/wp-content\/uploads\/sites\/2\/2023\/06\/MDD-596x1024.jpg 596w\" sizes=\"auto, (max-width: 600px) 100vw, 600px\" \/><\/p>\n","protected":false},"excerpt":{"rendered":"<p>Vesel\u00e9 chleb\u00edky pro d\u011bti: \u017eitn\u00fd chl\u00e9b ze za\u010darovan\u00e9ho ml\u00fdna, tvarohov\u00e1 pomaz\u00e1nka z ledov\u00e9ho kr\u00e1lovstv\u00ed se zeleninkou<\/p>\n","protected":false},"author":2,"featured_media":0,"comment_status":"closed","ping_status":"open","sticky":false,"template":"","format":"standard","meta":{"_acf_changed":false,"footnotes":""},"categories":[18],"tags":[],"class_list":["post-6478","post","type-post","status-publish","format-standard","hentry","category-fotostripky-z-nasi-kuchyne"],"acf":{"photo_gallery":{"fotogalerie":[[]]}},"_links":{"self":[{"href":"https:\/\/mscv.cz\/ms-u-slunicka\/wp-json\/wp\/v2\/posts\/6478","targetHints":{"allow":["GET"]}}],"collection":[{"href":"https:\/\/mscv.cz\/ms-u-slunicka\/wp-json\/wp\/v2\/posts"}],"about":[{"href":"https:\/\/mscv.cz\/ms-u-slunicka\/wp-json\/wp\/v2\/types\/post"}],"author":[{"embeddable":true,"href":"https:\/\/mscv.cz\/ms-u-slunicka\/wp-json\/wp\/v2\/users\/2"}],"replies":[{"embeddable":true,"href":"https:\/\/mscv.cz\/ms-u-slunicka\/wp-json\/wp\/v2\/comments?post=6478"}],"version-history":[{"count":1,"href":"https:\/\/mscv.cz\/ms-u-slunicka\/wp-json\/wp\/v2\/posts\/6478\/revisions"}],"predecessor-version":[{"id":6481,"href":"https:\/\/mscv.cz\/ms-u-slunicka\/wp-json\/wp\/v2\/posts\/6478\/revisions\/6481"}],"wp:attachment":[{"href":"https:\/\/mscv.cz\/ms-u-slunicka\/wp-json\/wp\/v2\/media?parent=6478"}],"wp:term":[{"taxonomy":"category","embeddable":true,"href":"https:\/\/mscv.cz\/ms-u-slunicka\/wp-json\/wp\/v2\/categories?post=6478"},{"taxonomy":"post_tag","embeddable":true,"href":"https:\/\/mscv.cz\/ms-u-slunicka\/wp-json\/wp\/v2\/tags?post=6478"}],"curies":[{"name":"wp","href":"https:\/\/api.w.org\/{rel}","templated":true}]}}