{"id":7374,"date":"2023-11-04T12:10:23","date_gmt":"2023-11-04T11:10:23","guid":{"rendered":"https:\/\/mscv.cz\/ms-u-slunicka\/?p=7374"},"modified":"2023-11-08T13:45:11","modified_gmt":"2023-11-08T12:45:11","slug":"halloweenska-basta-2023","status":"publish","type":"post","link":"https:\/\/mscv.cz\/ms-u-slunicka\/fotostripky-z-nasi-kuchyne\/halloweenska-basta-2023\/","title":{"rendered":"Halloweensk\u00e1 ba\u0161ta 2023"},"content":{"rendered":"<p>D\u00fdn\u011b t\u00e1mhle, d\u00fdn\u011b tady,<br \/>\nvydlaban\u00e9 maj\u00ed hlavy.<br \/>\nJe toti\u017e ten sv\u00e1tek zn\u00e1m\u00fd,<br \/>\nHalloween te\u010f ka\u017ed\u00fd slav\u00ed.<\/p>\n<p>My se duch\u016f neboj\u00edme,<br \/>\nd\u00fdn\u011b p\u011bkn\u011b rozsv\u00edt\u00edme.<br \/>\nTy se leknou, jasn\u00e1 v\u011bc,<br \/>\nmy si d\u00e1me dlabanec.<\/p>\n<p>&nbsp;<\/p>\n<p><img loading=\"lazy\" decoding=\"async\" class=\"alignnone wp-image-7376\" src=\"https:\/\/mscv.cz\/ms-u-slunicka\/wp-content\/uploads\/sites\/2\/2023\/11\/IMG_3210-225x300.jpeg\" alt=\"\" width=\"340\" height=\"453\" srcset=\"https:\/\/mscv.cz\/ms-u-slunicka\/wp-content\/uploads\/sites\/2\/2023\/11\/IMG_3210-225x300.jpeg 225w, https:\/\/mscv.cz\/ms-u-slunicka\/wp-content\/uploads\/sites\/2\/2023\/11\/IMG_3210-768x1024.jpeg 768w, https:\/\/mscv.cz\/ms-u-slunicka\/wp-content\/uploads\/sites\/2\/2023\/11\/IMG_3210-1152x1536.jpeg 1152w, https:\/\/mscv.cz\/ms-u-slunicka\/wp-content\/uploads\/sites\/2\/2023\/11\/IMG_3210.jpeg 1536w\" sizes=\"auto, (max-width: 340px) 100vw, 340px\" \/><\/p>\n<p><img loading=\"lazy\" decoding=\"async\" class=\"alignnone wp-image-7377\" src=\"https:\/\/mscv.cz\/ms-u-slunicka\/wp-content\/uploads\/sites\/2\/2023\/11\/IMG_3211-225x300.jpeg\" alt=\"\" width=\"311\" height=\"415\" srcset=\"https:\/\/mscv.cz\/ms-u-slunicka\/wp-content\/uploads\/sites\/2\/2023\/11\/IMG_3211-225x300.jpeg 225w, https:\/\/mscv.cz\/ms-u-slunicka\/wp-content\/uploads\/sites\/2\/2023\/11\/IMG_3211-768x1024.jpeg 768w, https:\/\/mscv.cz\/ms-u-slunicka\/wp-content\/uploads\/sites\/2\/2023\/11\/IMG_3211-1152x1536.jpeg 1152w, https:\/\/mscv.cz\/ms-u-slunicka\/wp-content\/uploads\/sites\/2\/2023\/11\/IMG_3211.jpeg 1536w\" sizes=\"auto, (max-width: 311px) 100vw, 311px\" \/><\/p>\n","protected":false},"excerpt":{"rendered":"<p>D\u00fdn\u011b t\u00e1mhle, d\u00fdn\u011b tady, vydlaban\u00e9 maj\u00ed hlavy. Je toti\u017e ten sv\u00e1tek zn\u00e1m\u00fd, Halloween te\u010f ka\u017ed\u00fd slav\u00ed. My se duch\u016f neboj\u00edme, d\u00fdn\u011b p\u011bkn\u011b rozsv\u00edt\u00edme. Ty se leknou, jasn\u00e1 v\u011bc, my si d\u00e1me dlabanec. &nbsp;<\/p>\n","protected":false},"author":26,"featured_media":0,"comment_status":"closed","ping_status":"open","sticky":false,"template":"","format":"standard","meta":{"_acf_changed":false,"footnotes":""},"categories":[18],"tags":[],"class_list":["post-7374","post","type-post","status-publish","format-standard","hentry","category-fotostripky-z-nasi-kuchyne"],"acf":{"photo_gallery":{"fotogalerie":[[]]}},"_links":{"self":[{"href":"https:\/\/mscv.cz\/ms-u-slunicka\/wp-json\/wp\/v2\/posts\/7374","targetHints":{"allow":["GET"]}}],"collection":[{"href":"https:\/\/mscv.cz\/ms-u-slunicka\/wp-json\/wp\/v2\/posts"}],"about":[{"href":"https:\/\/mscv.cz\/ms-u-slunicka\/wp-json\/wp\/v2\/types\/post"}],"author":[{"embeddable":true,"href":"https:\/\/mscv.cz\/ms-u-slunicka\/wp-json\/wp\/v2\/users\/26"}],"replies":[{"embeddable":true,"href":"https:\/\/mscv.cz\/ms-u-slunicka\/wp-json\/wp\/v2\/comments?post=7374"}],"version-history":[{"count":5,"href":"https:\/\/mscv.cz\/ms-u-slunicka\/wp-json\/wp\/v2\/posts\/7374\/revisions"}],"predecessor-version":[{"id":7382,"href":"https:\/\/mscv.cz\/ms-u-slunicka\/wp-json\/wp\/v2\/posts\/7374\/revisions\/7382"}],"wp:attachment":[{"href":"https:\/\/mscv.cz\/ms-u-slunicka\/wp-json\/wp\/v2\/media?parent=7374"}],"wp:term":[{"taxonomy":"category","embeddable":true,"href":"https:\/\/mscv.cz\/ms-u-slunicka\/wp-json\/wp\/v2\/categories?post=7374"},{"taxonomy":"post_tag","embeddable":true,"href":"https:\/\/mscv.cz\/ms-u-slunicka\/wp-json\/wp\/v2\/tags?post=7374"}],"curies":[{"name":"wp","href":"https:\/\/api.w.org\/{rel}","templated":true}]}}