{"id":1116,"date":"2021-12-01T17:54:14","date_gmt":"2021-12-01T16:54:14","guid":{"rendered":"https:\/\/mscv.cz\/ms-zahradka\/?p=1116"},"modified":"2021-12-01T17:54:14","modified_gmt":"2021-12-01T16:54:14","slug":"co-se-ucime-u-cmelaku-2","status":"publish","type":"post","link":"https:\/\/mscv.cz\/ms-zahradka\/co-se-ucime\/co-se-ucime-u-cmelaku-2\/","title":{"rendered":"Co se u\u010d\u00edme u \u010cmel\u00e1k\u016f"},"content":{"rendered":"<p>Co se u\u010d\u00edme u \u010cmel\u00e1k\u016f<\/p>\n<p>\u010certi<\/p>\n<p>\u010certi a \u010dertidla va\u0159ili povidla,<\/p>\n<p>jeden mal\u00fd \u010dert\u00ed\u010dek, pop\u00e1lil si prst\u00ed\u010dek,<\/p>\n<p>kdy\u017e si cht\u011bl osladit sv\u016fj mlsn\u00fd jaz\u00fd\u010dek.<\/p>\n<p>&nbsp;<\/p>\n<p>V\u00e1no\u010dn\u00ed strome\u010dek<\/p>\n<p>Zelenej se jedli\u010dko, narovnej se mali\u010dko,<\/p>\n<p>l\u00edb\u00ed\u0161 se mi , vezmu si t\u011b, bude\u0161 von\u011bt v na\u0161em byt\u011b.<\/p>\n<p>D\u00e1m ti hv\u011bzdu na \u010delo, ve\u010der bude veselo,<\/p>\n<p>m\u016f\u017eu ti to p\u0159edem sl\u00edbit, bude se ti u n\u00e1s l\u00edbit.<\/p>\n<p>&nbsp;<\/p>\n<p>Krm\u00edtko<\/p>\n<p>Rovn\u00e1 ty\u010dka, na n\u00ed kostka,<\/p>\n<p>je\u0161t\u011b p\u011bkn\u00e1 st\u0159\u00ed\u0161ka.<\/p>\n<p>Sypu zrn\u00ed, a\u0165 si pt\u00e1\u010dci napln\u00ed sv\u00e1 b\u0159\u00ed\u0161ka.<\/p>\n<p>&nbsp;<\/p>\n<p>Zima<\/p>\n<p>Zima p\u0159i\u0161la, to to zebe,<\/p>\n<p>na zem pad\u00e1 sn\u00ed\u017eek z nebe.<\/p>\n<p>Z\u00edtra z r\u00e1na vezmu s\u00e1n\u011b,<\/p>\n<p>zajezd\u00edm si z na\u0161\u00ed str\u00e1n\u011b.<\/p>\n","protected":false},"excerpt":{"rendered":"<p>Co se u\u010d\u00edme u \u010cmel\u00e1k\u016f \u010certi \u010certi a \u010dertidla va\u0159ili povidla, jeden mal\u00fd \u010dert\u00ed\u010dek, pop\u00e1lil si prst\u00ed\u010dek, kdy\u017e si cht\u011bl osladit sv\u016fj mlsn\u00fd jaz\u00fd\u010dek. &nbsp; V\u00e1no\u010dn\u00ed strome\u010dek Zelenej se jedli\u010dko, narovnej se mali\u010dko, l\u00edb\u00ed\u0161 se mi , vezmu si t\u011b, bude\u0161 von\u011bt v na\u0161em byt\u011b. D\u00e1m ti hv\u011bzdu na \u010delo, ve\u010der bude veselo, m\u016f\u017eu ti [&hellip;]<\/p>\n","protected":false},"author":20,"featured_media":0,"comment_status":"closed","ping_status":"open","sticky":false,"template":"","format":"standard","meta":{"_acf_changed":false,"footnotes":""},"categories":[2],"tags":[],"class_list":["post-1116","post","type-post","status-publish","format-standard","hentry","category-co-se-ucime"],"acf":{"photo_gallery":{"fotogalerie":[[]]}},"_links":{"self":[{"href":"https:\/\/mscv.cz\/ms-zahradka\/wp-json\/wp\/v2\/posts\/1116","targetHints":{"allow":["GET"]}}],"collection":[{"href":"https:\/\/mscv.cz\/ms-zahradka\/wp-json\/wp\/v2\/posts"}],"about":[{"href":"https:\/\/mscv.cz\/ms-zahradka\/wp-json\/wp\/v2\/types\/post"}],"author":[{"embeddable":true,"href":"https:\/\/mscv.cz\/ms-zahradka\/wp-json\/wp\/v2\/users\/20"}],"replies":[{"embeddable":true,"href":"https:\/\/mscv.cz\/ms-zahradka\/wp-json\/wp\/v2\/comments?post=1116"}],"version-history":[{"count":1,"href":"https:\/\/mscv.cz\/ms-zahradka\/wp-json\/wp\/v2\/posts\/1116\/revisions"}],"predecessor-version":[{"id":1117,"href":"https:\/\/mscv.cz\/ms-zahradka\/wp-json\/wp\/v2\/posts\/1116\/revisions\/1117"}],"wp:attachment":[{"href":"https:\/\/mscv.cz\/ms-zahradka\/wp-json\/wp\/v2\/media?parent=1116"}],"wp:term":[{"taxonomy":"category","embeddable":true,"href":"https:\/\/mscv.cz\/ms-zahradka\/wp-json\/wp\/v2\/categories?post=1116"},{"taxonomy":"post_tag","embeddable":true,"href":"https:\/\/mscv.cz\/ms-zahradka\/wp-json\/wp\/v2\/tags?post=1116"}],"curies":[{"name":"wp","href":"https:\/\/api.w.org\/{rel}","templated":true}]}}