{"id":1557,"date":"2022-02-01T09:26:54","date_gmt":"2022-02-01T08:26:54","guid":{"rendered":"https:\/\/mscv.cz\/ms-zahradka\/?p=1557"},"modified":"2022-02-01T09:31:59","modified_gmt":"2022-02-01T08:31:59","slug":"leden-u-cmelaku-co-se-ucime","status":"publish","type":"post","link":"https:\/\/mscv.cz\/ms-zahradka\/co-se-ucime\/leden-u-cmelaku-co-se-ucime\/","title":{"rendered":"\u00danor u \u010dmel\u00e1k\u016f- co se u\u010d\u00edme"},"content":{"rendered":"<p>\u00danor u \u010dmel\u00e1k\u016f &#8211; co se u\u010d\u00edme<\/p>\n<p>Modr\u00e1 a b\u00edl\u00e1<\/p>\n<p>B\u00edl\u00e1 zima, modr\u00e9 mrazy, sn\u011bhul\u00e1ci cel\u00ed naz\u00ed.<\/p>\n<p>Pro\u010d si , sn\u011bhul\u00e1ku n\u00e1\u0161, ze zimy nic ned\u011bl\u00e1\u0161?<\/p>\n<p>Nic lep\u0161\u00edho ne\u017e mr\u00e1z nen\u00ed, zima je m\u00e9 pot\u011b\u0161en\u00ed.<\/p>\n<p>Modr\u00e1 zima, b\u00edl\u00fd sn\u00edh, d\u011bti v tepl\u00fdch \u010depic\u00edch.<\/p>\n<p>&nbsp;<\/p>\n<p>Karneval<\/p>\n<p>Zveme t\u011b k n\u00e1m do \u0161koli\u010dky,<\/p>\n<p>p\u0159ij\u010f co nejd\u0159\u00edv, \u0161a\u0161ku.<\/p>\n<p>Na poh\u00e1dky, na legr\u00e1cky,<\/p>\n<p>vezmi velkou ta\u0161ku.<\/p>\n<p>Brzy bude velk\u00fd b\u00e1l, hur\u00e1 je tu karneval!<\/p>\n<p>&nbsp;<\/p>\n<p>Zima<\/p>\n<p>Co m\u00e1 zima za pr\u00e1ci?<\/p>\n<p>D\u011bl\u00e1 si z n\u00e1s legraci.<\/p>\n<p>Jednou mrzne, pad\u00e1 sn\u00edh,<\/p>\n<p>pak chod\u00edme v kalu\u017e\u00edch.<\/p>\n<p>U\u017e se zlob\u00ed na mou v\u011bru<\/p>\n<p>i rtu\u0165 v na\u0161em teplom\u011bru.<\/p>\n","protected":false},"excerpt":{"rendered":"<p>\u00danor u \u010dmel\u00e1k\u016f &#8211; co se u\u010d\u00edme Modr\u00e1 a b\u00edl\u00e1 B\u00edl\u00e1 zima, modr\u00e9 mrazy, sn\u011bhul\u00e1ci cel\u00ed naz\u00ed. Pro\u010d si , sn\u011bhul\u00e1ku n\u00e1\u0161, ze zimy nic ned\u011bl\u00e1\u0161? Nic lep\u0161\u00edho ne\u017e mr\u00e1z nen\u00ed, zima je m\u00e9 pot\u011b\u0161en\u00ed. Modr\u00e1 zima, b\u00edl\u00fd sn\u00edh, d\u011bti v tepl\u00fdch \u010depic\u00edch. &nbsp; Karneval Zveme t\u011b k n\u00e1m do \u0161koli\u010dky, p\u0159ij\u010f co nejd\u0159\u00edv, \u0161a\u0161ku. [&hellip;]<\/p>\n","protected":false},"author":20,"featured_media":0,"comment_status":"closed","ping_status":"open","sticky":false,"template":"","format":"standard","meta":{"_acf_changed":false,"footnotes":""},"categories":[2],"tags":[],"class_list":["post-1557","post","type-post","status-publish","format-standard","hentry","category-co-se-ucime"],"acf":{"photo_gallery":{"fotogalerie":[[]]}},"_links":{"self":[{"href":"https:\/\/mscv.cz\/ms-zahradka\/wp-json\/wp\/v2\/posts\/1557","targetHints":{"allow":["GET"]}}],"collection":[{"href":"https:\/\/mscv.cz\/ms-zahradka\/wp-json\/wp\/v2\/posts"}],"about":[{"href":"https:\/\/mscv.cz\/ms-zahradka\/wp-json\/wp\/v2\/types\/post"}],"author":[{"embeddable":true,"href":"https:\/\/mscv.cz\/ms-zahradka\/wp-json\/wp\/v2\/users\/20"}],"replies":[{"embeddable":true,"href":"https:\/\/mscv.cz\/ms-zahradka\/wp-json\/wp\/v2\/comments?post=1557"}],"version-history":[{"count":3,"href":"https:\/\/mscv.cz\/ms-zahradka\/wp-json\/wp\/v2\/posts\/1557\/revisions"}],"predecessor-version":[{"id":1562,"href":"https:\/\/mscv.cz\/ms-zahradka\/wp-json\/wp\/v2\/posts\/1557\/revisions\/1562"}],"wp:attachment":[{"href":"https:\/\/mscv.cz\/ms-zahradka\/wp-json\/wp\/v2\/media?parent=1557"}],"wp:term":[{"taxonomy":"category","embeddable":true,"href":"https:\/\/mscv.cz\/ms-zahradka\/wp-json\/wp\/v2\/categories?post=1557"},{"taxonomy":"post_tag","embeddable":true,"href":"https:\/\/mscv.cz\/ms-zahradka\/wp-json\/wp\/v2\/tags?post=1557"}],"curies":[{"name":"wp","href":"https:\/\/api.w.org\/{rel}","templated":true}]}}