{"id":1922,"date":"2022-03-04T13:50:13","date_gmt":"2022-03-04T12:50:13","guid":{"rendered":"https:\/\/mscv.cz\/ms-zahradka\/?p=1922"},"modified":"2022-03-04T13:50:13","modified_gmt":"2022-03-04T12:50:13","slug":"brezen-u-zabicek","status":"publish","type":"post","link":"https:\/\/mscv.cz\/ms-zahradka\/co-se-ucime\/brezen-u-zabicek\/","title":{"rendered":"B\u0159ezen u \u017dabi\u010dek"},"content":{"rendered":"<p>B\u0158EZEN<\/p>\n<p>t\u00e9ma:\u00a0 Zahr\u00e1dka se probouz\u00ed<\/p>\n<ul>\n<li>jarn\u00ed kv\u011btiny<\/li>\n<li>jaro ve m\u011bst\u011b a na vsi<\/li>\n<li>zv\u00ed\u0159\u00e1tka a jejich ml\u00e1\u010f\u00e1tka<\/li>\n<\/ul>\n<p>c\u00edle:<\/p>\n<ul>\n<li>poznat a pojmenovat n\u011bkter\u00e9 jarn\u00ed kv\u011btiny a dom\u00e1c\u00ed zv\u00ed\u0159\u00e1tka<\/li>\n<li>uv\u011bdomit si vliv po\u010das\u00ed na p\u0159\u00edrodu<\/li>\n<li>vn\u00edmat kulturn\u00ed a um\u011bleck\u00e9 podn\u011bty<\/li>\n<li>neb\u00e1t se po\u017e\u00e1dat o pomoc \u010di radu<\/li>\n<li>dodr\u017eovat pravidla t\u0159\u00eddy<\/li>\n<\/ul>\n<p>&nbsp;<\/p>\n<p>JARN\u00cd CVI\u010cEN\u00cd<\/p>\n<p>Vy\u0161lo slunce, zasv\u00edtilo,<\/p>\n<p>na nebi se obr\u00e1tilo.<\/p>\n<p>ka\u017ed\u00e1 kytka mali\u010dk\u00e1<\/p>\n<p>radost m\u00e1 ze slun\u00ed\u010dka,<\/p>\n<p>ke slunci se nakl\u00e1n\u00ed,<\/p>\n<p>l\u00edstky z hl\u00edny vyh\u00e1n\u00ed.<\/p>\n<p>&nbsp;<\/p>\n<p>BERU\u0160KA<\/p>\n<p>Sed\u00ed brou\u010dek na kv\u00edte\u010dku<\/p>\n<p>na fr\u00e1\u010dku m\u00e1 samou te\u010dku.<\/p>\n<p>Slun\u00ed\u010dko tu \u010darovalo,<\/p>\n<p>sedm te\u010dek malovalo.<\/p>\n<p>&nbsp;<\/p>\n<p>P\u00edsni\u010dky:<\/p>\n<p>&#8220; Kr\u00e1vy, kr\u00e1vy&#8220;<\/p>\n<p>Brou\u010dek<\/p>\n<p>Travi\u010dka zelen\u00e1<\/p>\n","protected":false},"excerpt":{"rendered":"<p>B\u0158EZEN t\u00e9ma:\u00a0 Zahr\u00e1dka se probouz\u00ed jarn\u00ed kv\u011btiny jaro ve m\u011bst\u011b a na vsi zv\u00ed\u0159\u00e1tka a jejich ml\u00e1\u010f\u00e1tka c\u00edle: poznat a pojmenovat n\u011bkter\u00e9 jarn\u00ed kv\u011btiny a dom\u00e1c\u00ed zv\u00ed\u0159\u00e1tka uv\u011bdomit si vliv po\u010das\u00ed na p\u0159\u00edrodu vn\u00edmat kulturn\u00ed a um\u011bleck\u00e9 podn\u011bty neb\u00e1t se po\u017e\u00e1dat o pomoc \u010di radu dodr\u017eovat pravidla t\u0159\u00eddy &nbsp; JARN\u00cd CVI\u010cEN\u00cd Vy\u0161lo slunce, zasv\u00edtilo, na [&hellip;]<\/p>\n","protected":false},"author":20,"featured_media":0,"comment_status":"closed","ping_status":"open","sticky":false,"template":"","format":"standard","meta":{"_acf_changed":false,"footnotes":""},"categories":[2],"tags":[],"class_list":["post-1922","post","type-post","status-publish","format-standard","hentry","category-co-se-ucime"],"acf":{"photo_gallery":{"fotogalerie":[[]]}},"_links":{"self":[{"href":"https:\/\/mscv.cz\/ms-zahradka\/wp-json\/wp\/v2\/posts\/1922","targetHints":{"allow":["GET"]}}],"collection":[{"href":"https:\/\/mscv.cz\/ms-zahradka\/wp-json\/wp\/v2\/posts"}],"about":[{"href":"https:\/\/mscv.cz\/ms-zahradka\/wp-json\/wp\/v2\/types\/post"}],"author":[{"embeddable":true,"href":"https:\/\/mscv.cz\/ms-zahradka\/wp-json\/wp\/v2\/users\/20"}],"replies":[{"embeddable":true,"href":"https:\/\/mscv.cz\/ms-zahradka\/wp-json\/wp\/v2\/comments?post=1922"}],"version-history":[{"count":2,"href":"https:\/\/mscv.cz\/ms-zahradka\/wp-json\/wp\/v2\/posts\/1922\/revisions"}],"predecessor-version":[{"id":1924,"href":"https:\/\/mscv.cz\/ms-zahradka\/wp-json\/wp\/v2\/posts\/1922\/revisions\/1924"}],"wp:attachment":[{"href":"https:\/\/mscv.cz\/ms-zahradka\/wp-json\/wp\/v2\/media?parent=1922"}],"wp:term":[{"taxonomy":"category","embeddable":true,"href":"https:\/\/mscv.cz\/ms-zahradka\/wp-json\/wp\/v2\/categories?post=1922"},{"taxonomy":"post_tag","embeddable":true,"href":"https:\/\/mscv.cz\/ms-zahradka\/wp-json\/wp\/v2\/tags?post=1922"}],"curies":[{"name":"wp","href":"https:\/\/api.w.org\/{rel}","templated":true}]}}