{"id":2207,"date":"2022-04-01T09:53:12","date_gmt":"2022-04-01T07:53:12","guid":{"rendered":"https:\/\/mscv.cz\/ms-zahradka\/?p=2207"},"modified":"2022-04-01T09:53:12","modified_gmt":"2022-04-01T07:53:12","slug":"co-se-ucime-duben-u-cmelaku","status":"publish","type":"post","link":"https:\/\/mscv.cz\/ms-zahradka\/co-se-ucime\/co-se-ucime-duben-u-cmelaku\/","title":{"rendered":"Co se u\u010d\u00edme duben u \u010cmel\u00e1k\u016f"},"content":{"rendered":"<p>Co se u\u010d\u00edme duben u \u010cmel\u00e1k\u016f<\/p>\n<p>\u0160neci<\/p>\n<p>P\u00e1ni \u0161neci, to jsou v\u011bci,<\/p>\n<p>narostla n\u00e1m kapusta!<\/p>\n<p>Vyjde \u0161ne\u010dek p\u0159ed dome\u010dek,<\/p>\n<p>vykrm\u00ed se do tlusta!<\/p>\n<p>P\u00e1ni \u0161neci, to jsou v\u011bci,<\/p>\n<p>narostly n\u00e1m sal\u00e1ty!<\/p>\n<p>Vyjde \u0161ne\u010dek p\u0159ed dome\u010dek, bude p\u011bkn\u011b kulat\u00fd!<\/p>\n<p>&nbsp;<\/p>\n<p>Koleda<\/p>\n<p>J\u00e1 jsem mal\u00fd koledn\u00ed\u010dek,teti\u010dko,<\/p>\n<p>p\u0159i\u0161el jsem si pro \u010derven\u00e9 vaj\u00ed\u010dko.<\/p>\n<p>Pro vaj\u00ed\u010dko \u010derven\u00e9, pro kol\u00e1\u010dek b\u00edl\u00fd,<\/p>\n<p>jakpak se v\u00e1m, teti\u010dko, koledi\u010dka l\u00edb\u00ed?<\/p>\n<p>&nbsp;<\/p>\n<p>P\u00ed\u0161\u0165alka<\/p>\n<p>Otloukej se p\u00ed\u0161\u0165alko, rozkoukej se fialko,<\/p>\n<p>otloukej se proutku z vrby,<\/p>\n<p>u\u017e m\u011b v bot\u00e1ch nohy svrb\u00ed.<\/p>\n<p>U\u017e u\u017e abych b\u011bhal bos a zp\u00edval si jako kos.<\/p>\n","protected":false},"excerpt":{"rendered":"<p>Co se u\u010d\u00edme duben u \u010cmel\u00e1k\u016f \u0160neci P\u00e1ni \u0161neci, to jsou v\u011bci, narostla n\u00e1m kapusta! Vyjde \u0161ne\u010dek p\u0159ed dome\u010dek, vykrm\u00ed se do tlusta! P\u00e1ni \u0161neci, to jsou v\u011bci, narostly n\u00e1m sal\u00e1ty! Vyjde \u0161ne\u010dek p\u0159ed dome\u010dek, bude p\u011bkn\u011b kulat\u00fd! &nbsp; Koleda J\u00e1 jsem mal\u00fd koledn\u00ed\u010dek,teti\u010dko, p\u0159i\u0161el jsem si pro \u010derven\u00e9 vaj\u00ed\u010dko. Pro vaj\u00ed\u010dko \u010derven\u00e9, pro kol\u00e1\u010dek [&hellip;]<\/p>\n","protected":false},"author":20,"featured_media":0,"comment_status":"closed","ping_status":"open","sticky":false,"template":"","format":"standard","meta":{"_acf_changed":false,"footnotes":""},"categories":[2],"tags":[],"class_list":["post-2207","post","type-post","status-publish","format-standard","hentry","category-co-se-ucime"],"acf":{"photo_gallery":{"fotogalerie":[[]]}},"_links":{"self":[{"href":"https:\/\/mscv.cz\/ms-zahradka\/wp-json\/wp\/v2\/posts\/2207","targetHints":{"allow":["GET"]}}],"collection":[{"href":"https:\/\/mscv.cz\/ms-zahradka\/wp-json\/wp\/v2\/posts"}],"about":[{"href":"https:\/\/mscv.cz\/ms-zahradka\/wp-json\/wp\/v2\/types\/post"}],"author":[{"embeddable":true,"href":"https:\/\/mscv.cz\/ms-zahradka\/wp-json\/wp\/v2\/users\/20"}],"replies":[{"embeddable":true,"href":"https:\/\/mscv.cz\/ms-zahradka\/wp-json\/wp\/v2\/comments?post=2207"}],"version-history":[{"count":1,"href":"https:\/\/mscv.cz\/ms-zahradka\/wp-json\/wp\/v2\/posts\/2207\/revisions"}],"predecessor-version":[{"id":2208,"href":"https:\/\/mscv.cz\/ms-zahradka\/wp-json\/wp\/v2\/posts\/2207\/revisions\/2208"}],"wp:attachment":[{"href":"https:\/\/mscv.cz\/ms-zahradka\/wp-json\/wp\/v2\/media?parent=2207"}],"wp:term":[{"taxonomy":"category","embeddable":true,"href":"https:\/\/mscv.cz\/ms-zahradka\/wp-json\/wp\/v2\/categories?post=2207"},{"taxonomy":"post_tag","embeddable":true,"href":"https:\/\/mscv.cz\/ms-zahradka\/wp-json\/wp\/v2\/tags?post=2207"}],"curies":[{"name":"wp","href":"https:\/\/api.w.org\/{rel}","templated":true}]}}