{"id":260,"date":"2021-10-04T12:21:40","date_gmt":"2021-10-04T10:21:40","guid":{"rendered":"https:\/\/mscv.cz\/ms-zahradka\/?p=260"},"modified":"2021-10-04T12:22:56","modified_gmt":"2021-10-04T10:22:56","slug":"260","status":"publish","type":"post","link":"https:\/\/mscv.cz\/ms-zahradka\/co-se-ucime\/260\/","title":{"rendered":"Co se u\u010d\u00edme u \u010cmel\u00e1k\u016f"},"content":{"rendered":"<p><span style=\"font-size: 14pt\">Co se u\u010d\u00edme u \u010cmel\u00e1k\u016f<\/span><\/p>\n<p>Podzim<\/p>\n<p>podzim nitky barev sp\u0159\u00e1d\u00e1,<\/p>\n<p>tuhle dobu m\u00e1m moc r\u00e1da.<\/p>\n<p>Jabl\u00ed\u010dka a hru\u0161ky zraj\u00ed,<\/p>\n<p>stromy pestr\u00e9 barvy maj\u00ed.<\/p>\n<p>A\u017e n\u00e1s v\u00edtr k tomu zl\u00e1k\u00e1,<\/p>\n<p>budem s t\u00e1tou pou\u0161t\u011bt draka.<\/p>\n<p>&nbsp;<\/p>\n<p>V lese<\/p>\n<p>Od r\u00e1na jsem chodil lesem,<\/p>\n<p>ani h\u0159\u00edbek nevid\u011bl jsem.<\/p>\n<p>Prochodil jsem celou h\u016frku,<\/p>\n<p>na\u0161el jsem jen muchom\u016frku.<\/p>\n<p>&nbsp;<\/p>\n<p>Houby v lese<\/p>\n<p>Lezu, lezu do lesa,<\/p>\n<p>ur\u010dit\u011b tu nejsem s\u00e1m.<\/p>\n<p>Pod listy, jak do kom\u016frky,<\/p>\n<p>usedly si muchom\u016frky.<\/p>\n<p>Vid\u011bl jsem , jak ve sp\u011bchu,<\/p>\n<p>sk\u00e1\u010dou h\u0159\u00edbky do mechu.<\/p>\n","protected":false},"excerpt":{"rendered":"<p>Co se u\u010d\u00edme u \u010cmel\u00e1k\u016f Podzim podzim nitky barev sp\u0159\u00e1d\u00e1, tuhle dobu m\u00e1m moc r\u00e1da. Jabl\u00ed\u010dka a hru\u0161ky zraj\u00ed, stromy pestr\u00e9 barvy maj\u00ed. A\u017e n\u00e1s v\u00edtr k tomu zl\u00e1k\u00e1, budem s t\u00e1tou pou\u0161t\u011bt draka. &nbsp; V lese Od r\u00e1na jsem chodil lesem, ani h\u0159\u00edbek nevid\u011bl jsem. Prochodil jsem celou h\u016frku, na\u0161el jsem jen muchom\u016frku. &nbsp; [&hellip;]<\/p>\n","protected":false},"author":20,"featured_media":0,"comment_status":"closed","ping_status":"open","sticky":false,"template":"","format":"standard","meta":{"_acf_changed":false,"footnotes":""},"categories":[2],"tags":[],"class_list":["post-260","post","type-post","status-publish","format-standard","hentry","category-co-se-ucime"],"acf":{"photo_gallery":{"fotogalerie":[[]]}},"_links":{"self":[{"href":"https:\/\/mscv.cz\/ms-zahradka\/wp-json\/wp\/v2\/posts\/260","targetHints":{"allow":["GET"]}}],"collection":[{"href":"https:\/\/mscv.cz\/ms-zahradka\/wp-json\/wp\/v2\/posts"}],"about":[{"href":"https:\/\/mscv.cz\/ms-zahradka\/wp-json\/wp\/v2\/types\/post"}],"author":[{"embeddable":true,"href":"https:\/\/mscv.cz\/ms-zahradka\/wp-json\/wp\/v2\/users\/20"}],"replies":[{"embeddable":true,"href":"https:\/\/mscv.cz\/ms-zahradka\/wp-json\/wp\/v2\/comments?post=260"}],"version-history":[{"count":2,"href":"https:\/\/mscv.cz\/ms-zahradka\/wp-json\/wp\/v2\/posts\/260\/revisions"}],"predecessor-version":[{"id":262,"href":"https:\/\/mscv.cz\/ms-zahradka\/wp-json\/wp\/v2\/posts\/260\/revisions\/262"}],"wp:attachment":[{"href":"https:\/\/mscv.cz\/ms-zahradka\/wp-json\/wp\/v2\/media?parent=260"}],"wp:term":[{"taxonomy":"category","embeddable":true,"href":"https:\/\/mscv.cz\/ms-zahradka\/wp-json\/wp\/v2\/categories?post=260"},{"taxonomy":"post_tag","embeddable":true,"href":"https:\/\/mscv.cz\/ms-zahradka\/wp-json\/wp\/v2\/tags?post=260"}],"curies":[{"name":"wp","href":"https:\/\/api.w.org\/{rel}","templated":true}]}}