{"id":2632,"date":"2022-05-02T22:32:03","date_gmt":"2022-05-02T20:32:03","guid":{"rendered":"https:\/\/mscv.cz\/ms-zahradka\/?p=2632"},"modified":"2022-05-02T22:32:03","modified_gmt":"2022-05-02T20:32:03","slug":"kveten-u-zabicek","status":"publish","type":"post","link":"https:\/\/mscv.cz\/ms-zahradka\/co-se-ucime\/kveten-u-zabicek\/","title":{"rendered":"KV\u011aTEN U \u017dABI\u010cEK"},"content":{"rendered":"<p>KV\u011aTEN<\/p>\n<p>t\u00e9ma: Mamin\u010dina zahr\u00e1dka<\/p>\n<ul style=\"list-style-type: disc\">\n<li>Kyti\u010dka pro maminku<\/li>\n<li>Na\u0161e m\u011bsto<\/li>\n<li>Koho potk\u00e1m v tr\u00e1v\u011b<\/li>\n<\/ul>\n<p>C\u00edle:<\/p>\n<ul>\n<li>vyjad\u0159ovat se prost\u0159ednictv\u00edm hudebn\u00edch a hudebn\u011b pohybov\u00fdch \u010dinnost\u00ed<\/li>\n<li>rozvoj schopnosti sebeovl\u00e1d\u00e1n\u00ed<\/li>\n<li>zach\u00e1zet \u0161etrn\u011b s vlastn\u00edmi i ciz\u00edmi pom\u016fckami<\/li>\n<li>vytv\u00e1\u0159et pozitivn\u00ed vztah k m\u00edstu a prost\u0159ed\u00ed, ve kter\u00e9m d\u00edt\u011b \u017eije<\/li>\n<\/ul>\n","protected":false},"excerpt":{"rendered":"<p>KV\u011aTEN t\u00e9ma: Mamin\u010dina zahr\u00e1dka Kyti\u010dka pro maminku Na\u0161e m\u011bsto Koho potk\u00e1m v tr\u00e1v\u011b C\u00edle: vyjad\u0159ovat se prost\u0159ednictv\u00edm hudebn\u00edch a hudebn\u011b pohybov\u00fdch \u010dinnost\u00ed rozvoj schopnosti sebeovl\u00e1d\u00e1n\u00ed zach\u00e1zet \u0161etrn\u011b s vlastn\u00edmi i ciz\u00edmi pom\u016fckami vytv\u00e1\u0159et pozitivn\u00ed vztah k m\u00edstu a prost\u0159ed\u00ed, ve kter\u00e9m d\u00edt\u011b \u017eije<\/p>\n","protected":false},"author":20,"featured_media":0,"comment_status":"closed","ping_status":"open","sticky":false,"template":"","format":"standard","meta":{"_acf_changed":false,"footnotes":""},"categories":[2],"tags":[],"class_list":["post-2632","post","type-post","status-publish","format-standard","hentry","category-co-se-ucime"],"acf":{"photo_gallery":{"fotogalerie":[[]]}},"_links":{"self":[{"href":"https:\/\/mscv.cz\/ms-zahradka\/wp-json\/wp\/v2\/posts\/2632","targetHints":{"allow":["GET"]}}],"collection":[{"href":"https:\/\/mscv.cz\/ms-zahradka\/wp-json\/wp\/v2\/posts"}],"about":[{"href":"https:\/\/mscv.cz\/ms-zahradka\/wp-json\/wp\/v2\/types\/post"}],"author":[{"embeddable":true,"href":"https:\/\/mscv.cz\/ms-zahradka\/wp-json\/wp\/v2\/users\/20"}],"replies":[{"embeddable":true,"href":"https:\/\/mscv.cz\/ms-zahradka\/wp-json\/wp\/v2\/comments?post=2632"}],"version-history":[{"count":1,"href":"https:\/\/mscv.cz\/ms-zahradka\/wp-json\/wp\/v2\/posts\/2632\/revisions"}],"predecessor-version":[{"id":2633,"href":"https:\/\/mscv.cz\/ms-zahradka\/wp-json\/wp\/v2\/posts\/2632\/revisions\/2633"}],"wp:attachment":[{"href":"https:\/\/mscv.cz\/ms-zahradka\/wp-json\/wp\/v2\/media?parent=2632"}],"wp:term":[{"taxonomy":"category","embeddable":true,"href":"https:\/\/mscv.cz\/ms-zahradka\/wp-json\/wp\/v2\/categories?post=2632"},{"taxonomy":"post_tag","embeddable":true,"href":"https:\/\/mscv.cz\/ms-zahradka\/wp-json\/wp\/v2\/tags?post=2632"}],"curies":[{"name":"wp","href":"https:\/\/api.w.org\/{rel}","templated":true}]}}