{"id":3993,"date":"2022-11-02T12:42:56","date_gmt":"2022-11-02T11:42:56","guid":{"rendered":"https:\/\/mscv.cz\/ms-zahradka\/?p=3993"},"modified":"2022-11-02T12:42:56","modified_gmt":"2022-11-02T11:42:56","slug":"cmelaci-co-se-ucime","status":"publish","type":"post","link":"https:\/\/mscv.cz\/ms-zahradka\/co-se-ucime\/cmelaci-co-se-ucime\/","title":{"rendered":"\u010cmel\u00e1ci &#8211; co se u\u010d\u00edme"},"content":{"rendered":"<p>\u010cmel\u00e1ci- co se u\u010d\u00edme<\/p>\n<p>Travi\u010dka zelen\u00e1 &#8211; p\u00edse\u0148<\/p>\n<p>Travi\u010dka zelen\u00e1, to je moje pot\u011b\u0161en\u00ed,<\/p>\n<p>travi\u010dka zelen\u00e1, to je moje pe\u0159ina.<\/p>\n<p>Kdy\u017e si smysl\u00edm na n\u00ed sednu,<\/p>\n<p>kdy\u017e si smysl\u00edm na n\u00ed lehnu.<\/p>\n<p>Travi\u010dka zelen\u00e1, to je moje pe\u0159ina.<\/p>\n<p>&nbsp;<\/p>\n<p>Je\u017eek v zim\u011b<\/p>\n<p>Kam se je\u017eek v zim\u011b schoval?<\/p>\n<p>Neklouzal se , nes\u00e1\u0148koval.<\/p>\n<p>Zahrabal se do list\u00ed, od t\u00e9 doby sp\u00ed a sp\u00ed.<\/p>\n<p>Zahrabal se do zem\u011b, lidi\u010dky, vzbu\u010fte mn\u011b.<\/p>\n<p>A\u017e zavon\u00ed fialky, zap\u00edskaj\u00ed p\u00ed\u0161\u0165alky.<\/p>\n<p>&nbsp;<\/p>\n<p>Ka\u0161t\u00e1nek<\/p>\n<p>Ka\u0161t\u00e1nku, ka\u0161t\u00e1nku, po\u010dkej tu na m\u011b,<\/p>\n<p>zvednu t\u011b ze zem\u011b, d\u00e1m do sv\u00e9 dlan\u011b.<\/p>\n<p>P\u011bkn\u011b se oh\u0159eje\u0161, zaleskne\u0161 za kr\u00e1tko,<\/p>\n<p>ve \u0161kole si z tebe ud\u011bl\u00e1m zv\u00ed\u0159\u00e1tko.<\/p>\n","protected":false},"excerpt":{"rendered":"<p>\u010cmel\u00e1ci- co se u\u010d\u00edme Travi\u010dka zelen\u00e1 &#8211; p\u00edse\u0148 Travi\u010dka zelen\u00e1, to je moje pot\u011b\u0161en\u00ed, travi\u010dka zelen\u00e1, to je moje pe\u0159ina. Kdy\u017e si smysl\u00edm na n\u00ed sednu, kdy\u017e si smysl\u00edm na n\u00ed lehnu. Travi\u010dka zelen\u00e1, to je moje pe\u0159ina. &nbsp; Je\u017eek v zim\u011b Kam se je\u017eek v zim\u011b schoval? Neklouzal se , nes\u00e1\u0148koval. Zahrabal se do [&hellip;]<\/p>\n","protected":false},"author":20,"featured_media":0,"comment_status":"closed","ping_status":"open","sticky":false,"template":"","format":"standard","meta":{"_acf_changed":false,"footnotes":""},"categories":[2],"tags":[],"class_list":["post-3993","post","type-post","status-publish","format-standard","hentry","category-co-se-ucime"],"acf":{"photo_gallery":{"fotogalerie":[[]]}},"_links":{"self":[{"href":"https:\/\/mscv.cz\/ms-zahradka\/wp-json\/wp\/v2\/posts\/3993","targetHints":{"allow":["GET"]}}],"collection":[{"href":"https:\/\/mscv.cz\/ms-zahradka\/wp-json\/wp\/v2\/posts"}],"about":[{"href":"https:\/\/mscv.cz\/ms-zahradka\/wp-json\/wp\/v2\/types\/post"}],"author":[{"embeddable":true,"href":"https:\/\/mscv.cz\/ms-zahradka\/wp-json\/wp\/v2\/users\/20"}],"replies":[{"embeddable":true,"href":"https:\/\/mscv.cz\/ms-zahradka\/wp-json\/wp\/v2\/comments?post=3993"}],"version-history":[{"count":1,"href":"https:\/\/mscv.cz\/ms-zahradka\/wp-json\/wp\/v2\/posts\/3993\/revisions"}],"predecessor-version":[{"id":3994,"href":"https:\/\/mscv.cz\/ms-zahradka\/wp-json\/wp\/v2\/posts\/3993\/revisions\/3994"}],"wp:attachment":[{"href":"https:\/\/mscv.cz\/ms-zahradka\/wp-json\/wp\/v2\/media?parent=3993"}],"wp:term":[{"taxonomy":"category","embeddable":true,"href":"https:\/\/mscv.cz\/ms-zahradka\/wp-json\/wp\/v2\/categories?post=3993"},{"taxonomy":"post_tag","embeddable":true,"href":"https:\/\/mscv.cz\/ms-zahradka\/wp-json\/wp\/v2\/tags?post=3993"}],"curies":[{"name":"wp","href":"https:\/\/api.w.org\/{rel}","templated":true}]}}