{"id":4115,"date":"2022-11-30T10:06:36","date_gmt":"2022-11-30T09:06:36","guid":{"rendered":"https:\/\/mscv.cz\/ms-zahradka\/?p=4115"},"modified":"2022-11-30T10:06:36","modified_gmt":"2022-11-30T09:06:36","slug":"prosinec-u-cmelaku-tridni-vzdelavaci-plan","status":"publish","type":"post","link":"https:\/\/mscv.cz\/ms-zahradka\/co-se-ucime\/prosinec-u-cmelaku-tridni-vzdelavaci-plan\/","title":{"rendered":"Prosinec u \u010cmel\u00e1k\u016f- t\u0159\u00eddn\u00ed vzd\u011bl\u00e1vac\u00ed pl\u00e1n"},"content":{"rendered":"<p>Prosinec u \u010cmel\u00e1k\u016f &#8211; t\u0159\u00eddn\u00ed vzd\u011bl\u00e1vac\u00ed pl\u00e1n<\/p>\n<p>T\u00e9ma m\u011bs\u00edce: &#8222;P\u0159ijde k n\u00e1m n\u00e1v\u0161t\u011bva&#8220;<\/p>\n<p>T\u00fddenn\u00ed t\u00e9mata:<\/p>\n<p>*\u010cert a MIkul\u00e1\u0161<\/p>\n<p>*V\u00e1no\u010dn\u00ed zvyky<\/p>\n<p>*T\u011b\u0161\u00edme se na V\u00e1noce<\/p>\n<p>C\u00edle:<\/p>\n<p>*Rozvoj jemn\u00e9 motoriky<\/p>\n<p>*Sezn\u00e1men\u00ed se zvyky, tradicemi a atmosf\u00e9rou V\u00e1noc<\/p>\n<p>*Samostatn\u00fd slovn\u00ed projev na dan\u00e9 t\u00e9ma<\/p>\n<p>Nab\u00edzen\u00e9 \u010dinnosti:<\/p>\n<p>*Zdoben\u00ed strome\u010dku<\/p>\n<p>*Zp\u011bv, recitace, dramatizace<\/p>\n<p>*\u010certovsk\u00e9 dny v M\u0160<\/p>\n","protected":false},"excerpt":{"rendered":"<p>Prosinec u \u010cmel\u00e1k\u016f &#8211; t\u0159\u00eddn\u00ed vzd\u011bl\u00e1vac\u00ed pl\u00e1n T\u00e9ma m\u011bs\u00edce: &#8222;P\u0159ijde k n\u00e1m n\u00e1v\u0161t\u011bva&#8220; T\u00fddenn\u00ed t\u00e9mata: *\u010cert a MIkul\u00e1\u0161 *V\u00e1no\u010dn\u00ed zvyky *T\u011b\u0161\u00edme se na V\u00e1noce C\u00edle: *Rozvoj jemn\u00e9 motoriky *Sezn\u00e1men\u00ed se zvyky, tradicemi a atmosf\u00e9rou V\u00e1noc *Samostatn\u00fd slovn\u00ed projev na dan\u00e9 t\u00e9ma Nab\u00edzen\u00e9 \u010dinnosti: *Zdoben\u00ed strome\u010dku *Zp\u011bv, recitace, dramatizace *\u010certovsk\u00e9 dny v M\u0160<\/p>\n","protected":false},"author":20,"featured_media":0,"comment_status":"closed","ping_status":"open","sticky":false,"template":"","format":"standard","meta":{"_acf_changed":false,"footnotes":""},"categories":[2],"tags":[],"class_list":["post-4115","post","type-post","status-publish","format-standard","hentry","category-co-se-ucime"],"acf":{"photo_gallery":{"fotogalerie":[[]]}},"_links":{"self":[{"href":"https:\/\/mscv.cz\/ms-zahradka\/wp-json\/wp\/v2\/posts\/4115","targetHints":{"allow":["GET"]}}],"collection":[{"href":"https:\/\/mscv.cz\/ms-zahradka\/wp-json\/wp\/v2\/posts"}],"about":[{"href":"https:\/\/mscv.cz\/ms-zahradka\/wp-json\/wp\/v2\/types\/post"}],"author":[{"embeddable":true,"href":"https:\/\/mscv.cz\/ms-zahradka\/wp-json\/wp\/v2\/users\/20"}],"replies":[{"embeddable":true,"href":"https:\/\/mscv.cz\/ms-zahradka\/wp-json\/wp\/v2\/comments?post=4115"}],"version-history":[{"count":1,"href":"https:\/\/mscv.cz\/ms-zahradka\/wp-json\/wp\/v2\/posts\/4115\/revisions"}],"predecessor-version":[{"id":4116,"href":"https:\/\/mscv.cz\/ms-zahradka\/wp-json\/wp\/v2\/posts\/4115\/revisions\/4116"}],"wp:attachment":[{"href":"https:\/\/mscv.cz\/ms-zahradka\/wp-json\/wp\/v2\/media?parent=4115"}],"wp:term":[{"taxonomy":"category","embeddable":true,"href":"https:\/\/mscv.cz\/ms-zahradka\/wp-json\/wp\/v2\/categories?post=4115"},{"taxonomy":"post_tag","embeddable":true,"href":"https:\/\/mscv.cz\/ms-zahradka\/wp-json\/wp\/v2\/tags?post=4115"}],"curies":[{"name":"wp","href":"https:\/\/api.w.org\/{rel}","templated":true}]}}