{"id":4117,"date":"2022-11-30T10:15:48","date_gmt":"2022-11-30T09:15:48","guid":{"rendered":"https:\/\/mscv.cz\/ms-zahradka\/?p=4117"},"modified":"2022-11-30T10:15:48","modified_gmt":"2022-11-30T09:15:48","slug":"prosinec-u-cmelaku-co-se-ucime","status":"publish","type":"post","link":"https:\/\/mscv.cz\/ms-zahradka\/co-se-ucime\/prosinec-u-cmelaku-co-se-ucime\/","title":{"rendered":"Prosinec u \u010cmel\u00e1k\u016f &#8211; co se u\u010d\u00edme"},"content":{"rendered":"<p>Prosinec u \u010cmel\u00e1k\u016f &#8211; co se u\u010d\u00edme<\/p>\n<p>Koleda<\/p>\n<p>\u0160t\u011bst\u00ed, zdrav\u00ed, pokoj svat\u00fd vin\u0161ujeme v\u00e1m.<\/p>\n<p>Nejprv panu hospod\u00e1\u0159i, pak va\u0161im d\u00edtk\u00e1m.<\/p>\n<p>Z daleka se bereme, novinu v\u00e1m neseme,<\/p>\n<p>co jest n\u00e1m se p\u0159ihodilo v m\u011bst\u011b Betl\u00e9m\u011b.<\/p>\n<p>&nbsp;<\/p>\n<p>V\u00e1no\u010dn\u00ed strome\u010dek<\/p>\n<p>Zelenej se jedli\u010dko, narovnej se mali\u010dko,<\/p>\n<p>l\u00edb\u00ed\u0161 se mi, vezmu si t\u011b, bude\u0161 von\u011bt v na\u0161em byt\u011b.<\/p>\n<p>D\u00e1m ti hv\u011bzdu na \u010delo, ve\u010der bude veselo.<\/p>\n<p>M\u016f\u017eu ti to p\u0159edem sl\u00edbit, bude se ti u n\u00e1s l\u00edbit.<\/p>\n<p>&nbsp;<\/p>\n<p>\u010certovsk\u00e1 polka<\/p>\n<p>Kdy\u017e se \u010derti rozhn\u011bvali kopytem si dupli,<\/p>\n<p>ko\u017eichy si vyklepali a pak p\u011bkn\u011b hupli.<\/p>\n<p>Ocasem si zato\u010dili jen tak bez okolk\u016f,<\/p>\n<p>tancovali vpavo vlevo tu \u010dertovskou polku.<\/p>\n","protected":false},"excerpt":{"rendered":"<p>Prosinec u \u010cmel\u00e1k\u016f &#8211; co se u\u010d\u00edme Koleda \u0160t\u011bst\u00ed, zdrav\u00ed, pokoj svat\u00fd vin\u0161ujeme v\u00e1m. Nejprv panu hospod\u00e1\u0159i, pak va\u0161im d\u00edtk\u00e1m. Z daleka se bereme, novinu v\u00e1m neseme, co jest n\u00e1m se p\u0159ihodilo v m\u011bst\u011b Betl\u00e9m\u011b. &nbsp; V\u00e1no\u010dn\u00ed strome\u010dek Zelenej se jedli\u010dko, narovnej se mali\u010dko, l\u00edb\u00ed\u0161 se mi, vezmu si t\u011b, bude\u0161 von\u011bt v na\u0161em byt\u011b. [&hellip;]<\/p>\n","protected":false},"author":20,"featured_media":0,"comment_status":"closed","ping_status":"open","sticky":false,"template":"","format":"standard","meta":{"_acf_changed":false,"footnotes":""},"categories":[2],"tags":[],"class_list":["post-4117","post","type-post","status-publish","format-standard","hentry","category-co-se-ucime"],"acf":{"photo_gallery":{"fotogalerie":[[]]}},"_links":{"self":[{"href":"https:\/\/mscv.cz\/ms-zahradka\/wp-json\/wp\/v2\/posts\/4117","targetHints":{"allow":["GET"]}}],"collection":[{"href":"https:\/\/mscv.cz\/ms-zahradka\/wp-json\/wp\/v2\/posts"}],"about":[{"href":"https:\/\/mscv.cz\/ms-zahradka\/wp-json\/wp\/v2\/types\/post"}],"author":[{"embeddable":true,"href":"https:\/\/mscv.cz\/ms-zahradka\/wp-json\/wp\/v2\/users\/20"}],"replies":[{"embeddable":true,"href":"https:\/\/mscv.cz\/ms-zahradka\/wp-json\/wp\/v2\/comments?post=4117"}],"version-history":[{"count":1,"href":"https:\/\/mscv.cz\/ms-zahradka\/wp-json\/wp\/v2\/posts\/4117\/revisions"}],"predecessor-version":[{"id":4118,"href":"https:\/\/mscv.cz\/ms-zahradka\/wp-json\/wp\/v2\/posts\/4117\/revisions\/4118"}],"wp:attachment":[{"href":"https:\/\/mscv.cz\/ms-zahradka\/wp-json\/wp\/v2\/media?parent=4117"}],"wp:term":[{"taxonomy":"category","embeddable":true,"href":"https:\/\/mscv.cz\/ms-zahradka\/wp-json\/wp\/v2\/categories?post=4117"},{"taxonomy":"post_tag","embeddable":true,"href":"https:\/\/mscv.cz\/ms-zahradka\/wp-json\/wp\/v2\/tags?post=4117"}],"curies":[{"name":"wp","href":"https:\/\/api.w.org\/{rel}","templated":true}]}}