{"id":583,"date":"2021-10-21T12:23:34","date_gmt":"2021-10-21T10:23:34","guid":{"rendered":"https:\/\/mscv.cz\/ms-zahradka\/?p=583"},"modified":"2021-10-21T12:26:04","modified_gmt":"2021-10-21T10:26:04","slug":"dary-podzimu-u-broucku","status":"publish","type":"post","link":"https:\/\/mscv.cz\/ms-zahradka\/nezarazene\/dary-podzimu-u-broucku\/","title":{"rendered":"Dary podzimu u BROU\u010cK\u016e"},"content":{"rendered":"<p>V pr\u016fb\u011bhu tohoto m\u011bs\u00edce jsme si s d\u011btmi pov\u00eddali o darech a barv\u00e1ch podzimu. D\u011bti si zahr\u00e1ly poh\u00e1dku &#8222;O velik\u00e9 \u0159ep\u011b&#8220;. Pozn\u00e1valy a ochutn\u00e1valy ovoce a zeleninu dozr\u00e1vaj\u00edc\u00ed na podzim. V\u0161e se zavr\u0161ilo t\u00edm, \u017ee spole\u010dn\u011b vytvo\u0159ily podzimn\u00ed venkovn\u00ed v\u00fdzdobu, kterou si samy nasb\u00edraly.<\/p>\n","protected":false},"excerpt":{"rendered":"<p>V pr\u016fb\u011bhu tohoto m\u011bs\u00edce jsme si s d\u011btmi pov\u00eddali o darech a barv\u00e1ch podzimu. D\u011bti si zahr\u00e1ly poh\u00e1dku &#8222;O velik\u00e9 \u0159ep\u011b&#8220;. Pozn\u00e1valy a ochutn\u00e1valy ovoce a zeleninu dozr\u00e1vaj\u00edc\u00ed na podzim. V\u0161e se zavr\u0161ilo t\u00edm, \u017ee spole\u010dn\u011b vytvo\u0159ily podzimn\u00ed venkovn\u00ed v\u00fdzdobu, kterou si samy nasb\u00edraly.<\/p>\n","protected":false},"author":20,"featured_media":0,"comment_status":"closed","ping_status":"open","sticky":false,"template":"","format":"standard","meta":{"_acf_changed":false,"footnotes":""},"categories":[3,1],"tags":[],"class_list":["post-583","post","type-post","status-publish","format-standard","hentry","category-foto-a-videogalerie","category-nezarazene"],"acf":{"photo_gallery":{"fotogalerie":[[]]}},"_links":{"self":[{"href":"https:\/\/mscv.cz\/ms-zahradka\/wp-json\/wp\/v2\/posts\/583","targetHints":{"allow":["GET"]}}],"collection":[{"href":"https:\/\/mscv.cz\/ms-zahradka\/wp-json\/wp\/v2\/posts"}],"about":[{"href":"https:\/\/mscv.cz\/ms-zahradka\/wp-json\/wp\/v2\/types\/post"}],"author":[{"embeddable":true,"href":"https:\/\/mscv.cz\/ms-zahradka\/wp-json\/wp\/v2\/users\/20"}],"replies":[{"embeddable":true,"href":"https:\/\/mscv.cz\/ms-zahradka\/wp-json\/wp\/v2\/comments?post=583"}],"version-history":[{"count":2,"href":"https:\/\/mscv.cz\/ms-zahradka\/wp-json\/wp\/v2\/posts\/583\/revisions"}],"predecessor-version":[{"id":586,"href":"https:\/\/mscv.cz\/ms-zahradka\/wp-json\/wp\/v2\/posts\/583\/revisions\/586"}],"wp:attachment":[{"href":"https:\/\/mscv.cz\/ms-zahradka\/wp-json\/wp\/v2\/media?parent=583"}],"wp:term":[{"taxonomy":"category","embeddable":true,"href":"https:\/\/mscv.cz\/ms-zahradka\/wp-json\/wp\/v2\/categories?post=583"},{"taxonomy":"post_tag","embeddable":true,"href":"https:\/\/mscv.cz\/ms-zahradka\/wp-json\/wp\/v2\/tags?post=583"}],"curies":[{"name":"wp","href":"https:\/\/api.w.org\/{rel}","templated":true}]}}