{"id":597,"date":"2021-10-27T13:27:03","date_gmt":"2021-10-27T11:27:03","guid":{"rendered":"https:\/\/mscv.cz\/ms-zahradka\/?p=597"},"modified":"2021-10-27T13:32:52","modified_gmt":"2021-10-27T11:32:52","slug":"zavirani-zahradky","status":"publish","type":"post","link":"https:\/\/mscv.cz\/ms-zahradka\/co-se-ucime\/zavirani-zahradky\/","title":{"rendered":"ZAV\u00cdR\u00c1N\u00cd ZAHR\u00c1DKY"},"content":{"rendered":"<p>Ka\u017edoro\u010dn\u011b na\u0161e \u0161kola \u201ezav\u00edr\u00e1\u201c \u0161koln\u00ed zahradu formou sout\u011b\u017e\u00ed s\u00a0podzimn\u00ed t\u00e9matikou. V\u00a0leto\u0161n\u00edm \u0161koln\u00edm roce jsme tuto akci napl\u00e1novali na \u00fatern\u00ed dopoledne dne 26. 10. 2021. Pro d\u011bti jsou od pedagog\u016f p\u0159ipraveny na zahrad\u011b r\u016fzn\u00e9 discipl\u00edny a hr\u00e1tky a od pan\u00ed kucha\u0159ek je p\u0159ipravena sladk\u00e1 odm\u011bna formou ovocn\u00e9ho z\u00e1kusku \u2013 d\u011bti si pochutnaly na v\u00fdborn\u00e9m \u0161tr\u016fdlu s\u00a0jabl\u00ed\u010dky.<\/p>\n<p>Na\u0161\u00edm pan\u00edm kucha\u0159k\u00e1m t\u00edmto moc d\u011bkujeme!<\/p>\n<p><img loading=\"lazy\" decoding=\"async\" class=\"alignnone size-full wp-image-598\" src=\"https:\/\/mscv.cz\/ms-zahradka\/wp-content\/uploads\/sites\/9\/2021\/10\/strudl.jpg\" alt=\"\" width=\"518\" height=\"589\" srcset=\"https:\/\/mscv.cz\/ms-zahradka\/wp-content\/uploads\/sites\/9\/2021\/10\/strudl.jpg 518w, https:\/\/mscv.cz\/ms-zahradka\/wp-content\/uploads\/sites\/9\/2021\/10\/strudl-264x300.jpg 264w\" sizes=\"auto, (max-width: 518px) 100vw, 518px\" \/><\/p>\n","protected":false},"excerpt":{"rendered":"<p>Ka\u017edoro\u010dn\u011b na\u0161e \u0161kola \u201ezav\u00edr\u00e1\u201c \u0161koln\u00ed zahradu formou sout\u011b\u017e\u00ed s\u00a0podzimn\u00ed t\u00e9matikou. V\u00a0leto\u0161n\u00edm \u0161koln\u00edm roce jsme tuto akci napl\u00e1novali na \u00fatern\u00ed dopoledne dne 26. 10. 2021. Pro d\u011bti jsou od pedagog\u016f p\u0159ipraveny na zahrad\u011b r\u016fzn\u00e9 discipl\u00edny a hr\u00e1tky a od pan\u00ed kucha\u0159ek je p\u0159ipravena sladk\u00e1 odm\u011bna formou ovocn\u00e9ho z\u00e1kusku \u2013 d\u011bti si pochutnaly na v\u00fdborn\u00e9m \u0161tr\u016fdlu s\u00a0jabl\u00ed\u010dky. [&hellip;]<\/p>\n","protected":false},"author":2,"featured_media":0,"comment_status":"closed","ping_status":"open","sticky":false,"template":"","format":"standard","meta":{"_acf_changed":false,"footnotes":""},"categories":[7,2],"tags":[],"class_list":["post-597","post","type-post","status-publish","format-standard","hentry","category-fotostripky-z-nasi-kuchyne","category-co-se-ucime"],"acf":{"photo_gallery":{"fotogalerie":[[]]}},"_links":{"self":[{"href":"https:\/\/mscv.cz\/ms-zahradka\/wp-json\/wp\/v2\/posts\/597","targetHints":{"allow":["GET"]}}],"collection":[{"href":"https:\/\/mscv.cz\/ms-zahradka\/wp-json\/wp\/v2\/posts"}],"about":[{"href":"https:\/\/mscv.cz\/ms-zahradka\/wp-json\/wp\/v2\/types\/post"}],"author":[{"embeddable":true,"href":"https:\/\/mscv.cz\/ms-zahradka\/wp-json\/wp\/v2\/users\/2"}],"replies":[{"embeddable":true,"href":"https:\/\/mscv.cz\/ms-zahradka\/wp-json\/wp\/v2\/comments?post=597"}],"version-history":[{"count":1,"href":"https:\/\/mscv.cz\/ms-zahradka\/wp-json\/wp\/v2\/posts\/597\/revisions"}],"predecessor-version":[{"id":599,"href":"https:\/\/mscv.cz\/ms-zahradka\/wp-json\/wp\/v2\/posts\/597\/revisions\/599"}],"wp:attachment":[{"href":"https:\/\/mscv.cz\/ms-zahradka\/wp-json\/wp\/v2\/media?parent=597"}],"wp:term":[{"taxonomy":"category","embeddable":true,"href":"https:\/\/mscv.cz\/ms-zahradka\/wp-json\/wp\/v2\/categories?post=597"},{"taxonomy":"post_tag","embeddable":true,"href":"https:\/\/mscv.cz\/ms-zahradka\/wp-json\/wp\/v2\/tags?post=597"}],"curies":[{"name":"wp","href":"https:\/\/api.w.org\/{rel}","templated":true}]}}