{"id":646,"date":"2021-10-29T09:54:11","date_gmt":"2021-10-29T07:54:11","guid":{"rendered":"https:\/\/mscv.cz\/ms-zahradka\/?p=646"},"modified":"2021-10-29T09:54:11","modified_gmt":"2021-10-29T07:54:11","slug":"rijnove-tvoreni-u-berusek","status":"publish","type":"post","link":"https:\/\/mscv.cz\/ms-zahradka\/foto-a-videogalerie\/rijnove-tvoreni-u-berusek\/","title":{"rendered":"\u0158\u00edjnov\u00e9 tvo\u0159en\u00ed u Beru\u0161ek"},"content":{"rendered":"<p>Podzim na poli, dary podzimu a vydlab\u00e1v\u00e1n\u00ed d\u00fdn\u011b.<\/p>\n","protected":false},"excerpt":{"rendered":"<p>Podzim na poli, dary podzimu a vydlab\u00e1v\u00e1n\u00ed d\u00fdn\u011b.<\/p>\n","protected":false},"author":20,"featured_media":0,"comment_status":"closed","ping_status":"open","sticky":false,"template":"","format":"standard","meta":{"_acf_changed":false,"footnotes":""},"categories":[3],"tags":[],"class_list":["post-646","post","type-post","status-publish","format-standard","hentry","category-foto-a-videogalerie"],"acf":{"photo_gallery":{"fotogalerie":[[]]}},"_links":{"self":[{"href":"https:\/\/mscv.cz\/ms-zahradka\/wp-json\/wp\/v2\/posts\/646","targetHints":{"allow":["GET"]}}],"collection":[{"href":"https:\/\/mscv.cz\/ms-zahradka\/wp-json\/wp\/v2\/posts"}],"about":[{"href":"https:\/\/mscv.cz\/ms-zahradka\/wp-json\/wp\/v2\/types\/post"}],"author":[{"embeddable":true,"href":"https:\/\/mscv.cz\/ms-zahradka\/wp-json\/wp\/v2\/users\/20"}],"replies":[{"embeddable":true,"href":"https:\/\/mscv.cz\/ms-zahradka\/wp-json\/wp\/v2\/comments?post=646"}],"version-history":[{"count":1,"href":"https:\/\/mscv.cz\/ms-zahradka\/wp-json\/wp\/v2\/posts\/646\/revisions"}],"predecessor-version":[{"id":647,"href":"https:\/\/mscv.cz\/ms-zahradka\/wp-json\/wp\/v2\/posts\/646\/revisions\/647"}],"wp:attachment":[{"href":"https:\/\/mscv.cz\/ms-zahradka\/wp-json\/wp\/v2\/media?parent=646"}],"wp:term":[{"taxonomy":"category","embeddable":true,"href":"https:\/\/mscv.cz\/ms-zahradka\/wp-json\/wp\/v2\/categories?post=646"},{"taxonomy":"post_tag","embeddable":true,"href":"https:\/\/mscv.cz\/ms-zahradka\/wp-json\/wp\/v2\/tags?post=646"}],"curies":[{"name":"wp","href":"https:\/\/api.w.org\/{rel}","templated":true}]}}