{"id":660,"date":"2021-11-03T09:38:57","date_gmt":"2021-11-03T08:38:57","guid":{"rendered":"https:\/\/mscv.cz\/ms-zahradka\/?p=660"},"modified":"2021-11-03T09:38:57","modified_gmt":"2021-11-03T08:38:57","slug":"co-se-ucime-u-cmelaku","status":"publish","type":"post","link":"https:\/\/mscv.cz\/ms-zahradka\/co-se-ucime\/co-se-ucime-u-cmelaku\/","title":{"rendered":"Co se u\u010d\u00edme u \u010cmel\u00e1k\u016f"},"content":{"rendered":"<p>Co se u\u010d\u00edme u \u010cmel\u00e1k\u016f<\/p>\n<p>De\u0161t\u00edk-b\u00e1se\u0148<\/p>\n<p>Pr\u0161\u00ed, pr\u0161\u00ed de\u0161t\u00edk, na barevn\u00fd de\u0161tn\u00edk.<\/p>\n<p>Ukazuje prst\u00edkem, kdo je pod t\u00edm de\u0161tn\u00edkem?<\/p>\n<p>To jsem j\u00e1 panenka, sm\u00e1\u010d\u00ed se mi suk\u00e9nka.<\/p>\n<p>Nech u\u017e toho kapi\u010dko, j\u00e1 m\u00e1m rad\u0161i slun\u00ed\u010dko.<\/p>\n<p>&nbsp;<\/p>\n<p>Co si \u0159ekl v\u00edtr s de\u0161t\u011bm- b\u00e1se\u0148<\/p>\n<p>St\u011b\u017eoval si v\u00edtr de\u0161ti: &#8222;Nem\u00e1m ani trochu \u0161t\u011bst\u00ed!<\/p>\n<p>Cestou do hor do \u00fadol\u00ed v\u0161em bol\u00edstky pofouk\u00e1m,<\/p>\n<p>ale kdy\u017e m\u011b n\u011bco bol\u00ed, pofoukat se mus\u00edm s\u00e1m&#8230;.&#8220;<\/p>\n<p>D\u00e9\u0161\u0165 za\u0161um\u011bl :&#8220;Mil\u00fd brachu, \u0161patn\u011b se n\u00e1m \u017eije.<\/p>\n<p>V\u017edy\u0165 m\u011b taky z bl\u00e1ta prachu nikdo neumyje&#8230;&#8220;<\/p>\n<p>&nbsp;<\/p>\n<p>Je\u017eek v zim\u011b-b\u00e1se\u0148<\/p>\n<p>Kam se je\u017eek v zim\u011b schoval?<\/p>\n<p>neklouzal se , nes\u00e1\u0148koval&#8230;<\/p>\n<p>Zahrabal se do list\u00ed, od t\u00e9 doby sp\u00ed a sp\u00ed.<\/p>\n<p>Zahrabal se do zem\u011b, lidi\u010dky- vzbu\u010fte m\u011b.<\/p>\n<p>A\u017e zavon\u00ed fialky, zap\u00edskaj\u00ed p\u00ed\u0161\u0165alky.<\/p>\n","protected":false},"excerpt":{"rendered":"<p>Co se u\u010d\u00edme u \u010cmel\u00e1k\u016f De\u0161t\u00edk-b\u00e1se\u0148 Pr\u0161\u00ed, pr\u0161\u00ed de\u0161t\u00edk, na barevn\u00fd de\u0161tn\u00edk. Ukazuje prst\u00edkem, kdo je pod t\u00edm de\u0161tn\u00edkem? To jsem j\u00e1 panenka, sm\u00e1\u010d\u00ed se mi suk\u00e9nka. Nech u\u017e toho kapi\u010dko, j\u00e1 m\u00e1m rad\u0161i slun\u00ed\u010dko. &nbsp; Co si \u0159ekl v\u00edtr s de\u0161t\u011bm- b\u00e1se\u0148 St\u011b\u017eoval si v\u00edtr de\u0161ti: &#8222;Nem\u00e1m ani trochu \u0161t\u011bst\u00ed! Cestou do hor do [&hellip;]<\/p>\n","protected":false},"author":20,"featured_media":0,"comment_status":"closed","ping_status":"open","sticky":false,"template":"","format":"standard","meta":{"_acf_changed":false,"footnotes":""},"categories":[2],"tags":[],"class_list":["post-660","post","type-post","status-publish","format-standard","hentry","category-co-se-ucime"],"acf":{"photo_gallery":{"fotogalerie":[[]]}},"_links":{"self":[{"href":"https:\/\/mscv.cz\/ms-zahradka\/wp-json\/wp\/v2\/posts\/660","targetHints":{"allow":["GET"]}}],"collection":[{"href":"https:\/\/mscv.cz\/ms-zahradka\/wp-json\/wp\/v2\/posts"}],"about":[{"href":"https:\/\/mscv.cz\/ms-zahradka\/wp-json\/wp\/v2\/types\/post"}],"author":[{"embeddable":true,"href":"https:\/\/mscv.cz\/ms-zahradka\/wp-json\/wp\/v2\/users\/20"}],"replies":[{"embeddable":true,"href":"https:\/\/mscv.cz\/ms-zahradka\/wp-json\/wp\/v2\/comments?post=660"}],"version-history":[{"count":1,"href":"https:\/\/mscv.cz\/ms-zahradka\/wp-json\/wp\/v2\/posts\/660\/revisions"}],"predecessor-version":[{"id":661,"href":"https:\/\/mscv.cz\/ms-zahradka\/wp-json\/wp\/v2\/posts\/660\/revisions\/661"}],"wp:attachment":[{"href":"https:\/\/mscv.cz\/ms-zahradka\/wp-json\/wp\/v2\/media?parent=660"}],"wp:term":[{"taxonomy":"category","embeddable":true,"href":"https:\/\/mscv.cz\/ms-zahradka\/wp-json\/wp\/v2\/categories?post=660"},{"taxonomy":"post_tag","embeddable":true,"href":"https:\/\/mscv.cz\/ms-zahradka\/wp-json\/wp\/v2\/tags?post=660"}],"curies":[{"name":"wp","href":"https:\/\/api.w.org\/{rel}","templated":true}]}}