{"id":794,"date":"2021-11-03T12:29:36","date_gmt":"2021-11-03T11:29:36","guid":{"rendered":"https:\/\/mscv.cz\/ms-zahradka\/?p=794"},"modified":"2021-11-03T12:34:33","modified_gmt":"2021-11-03T11:34:33","slug":"strasidelna-skolka","status":"publish","type":"post","link":"https:\/\/mscv.cz\/ms-zahradka\/foto-a-videogalerie\/strasidelna-skolka\/","title":{"rendered":"Stra\u0161ideln\u00e1 \u0161kolka"},"content":{"rendered":"<p>Dnes si d\u011bti z na\u0161\u00ed \u0161kolky u\u017eily stra\u0161ideln\u00e9 rejd\u011bn\u00ed. V\u0161echny p\u0159i\u0161ly do \u0161kolky ve stra\u0161ideln\u00e9m kost\u00fdm\u016f. Pan\u00ed u\u010ditelky pro n\u011b p\u0159ipravily stra\u0161idelnou v\u00fdzdobu, stra\u0161ideln\u00e9 sout\u011b\u017ee a tance. Pan\u00ed kucha\u0159ky pro n\u011b uva\u0159ily a upekly stra\u0161ideln\u00e9 dobroty. Maminky, tat\u00ednkov\u00e9, babi\u010dky i d\u011bde\u010dkov\u00e9 pom\u00e1hali d\u011btem doma s v\u00fdrobou stra\u0161idel, kter\u00e9 jsme si spole\u010dn\u011b ve \u0161kolce vystavili.<\/p>\n","protected":false},"excerpt":{"rendered":"<p>Dnes si d\u011bti z na\u0161\u00ed \u0161kolky u\u017eily stra\u0161ideln\u00e9 rejd\u011bn\u00ed. V\u0161echny p\u0159i\u0161ly do \u0161kolky ve stra\u0161ideln\u00e9m kost\u00fdm\u016f. Pan\u00ed u\u010ditelky pro n\u011b p\u0159ipravily stra\u0161idelnou v\u00fdzdobu, stra\u0161ideln\u00e9 sout\u011b\u017ee a tance. Pan\u00ed kucha\u0159ky pro n\u011b uva\u0159ily a upekly stra\u0161ideln\u00e9 dobroty. Maminky, tat\u00ednkov\u00e9, babi\u010dky i d\u011bde\u010dkov\u00e9 pom\u00e1hali d\u011btem doma s v\u00fdrobou stra\u0161idel, kter\u00e9 jsme si spole\u010dn\u011b ve \u0161kolce vystavili.<\/p>\n","protected":false},"author":3,"featured_media":0,"comment_status":"closed","ping_status":"open","sticky":false,"template":"","format":"standard","meta":{"_acf_changed":false,"footnotes":""},"categories":[3],"tags":[],"class_list":["post-794","post","type-post","status-publish","format-standard","hentry","category-foto-a-videogalerie"],"acf":{"photo_gallery":{"fotogalerie":[[]]}},"_links":{"self":[{"href":"https:\/\/mscv.cz\/ms-zahradka\/wp-json\/wp\/v2\/posts\/794","targetHints":{"allow":["GET"]}}],"collection":[{"href":"https:\/\/mscv.cz\/ms-zahradka\/wp-json\/wp\/v2\/posts"}],"about":[{"href":"https:\/\/mscv.cz\/ms-zahradka\/wp-json\/wp\/v2\/types\/post"}],"author":[{"embeddable":true,"href":"https:\/\/mscv.cz\/ms-zahradka\/wp-json\/wp\/v2\/users\/3"}],"replies":[{"embeddable":true,"href":"https:\/\/mscv.cz\/ms-zahradka\/wp-json\/wp\/v2\/comments?post=794"}],"version-history":[{"count":2,"href":"https:\/\/mscv.cz\/ms-zahradka\/wp-json\/wp\/v2\/posts\/794\/revisions"}],"predecessor-version":[{"id":831,"href":"https:\/\/mscv.cz\/ms-zahradka\/wp-json\/wp\/v2\/posts\/794\/revisions\/831"}],"wp:attachment":[{"href":"https:\/\/mscv.cz\/ms-zahradka\/wp-json\/wp\/v2\/media?parent=794"}],"wp:term":[{"taxonomy":"category","embeddable":true,"href":"https:\/\/mscv.cz\/ms-zahradka\/wp-json\/wp\/v2\/categories?post=794"},{"taxonomy":"post_tag","embeddable":true,"href":"https:\/\/mscv.cz\/ms-zahradka\/wp-json\/wp\/v2\/tags?post=794"}],"curies":[{"name":"wp","href":"https:\/\/api.w.org\/{rel}","templated":true}]}}